{"id":14355,"date":"2026-04-27T13:53:22","date_gmt":"2026-04-27T16:53:22","guid":{"rendered":"https:\/\/muycritico.com.ar\/web\/?p=14355"},"modified":"2026-04-27T13:53:33","modified_gmt":"2026-04-27T16:53:33","slug":"con-el-lema-tu-decision-marca-la-diferencia-salta-inicia-la-semana-de-vacunacion-en-las-americas","status":"publish","type":"post","link":"https:\/\/muycritico.com.ar\/web\/?p=14355","title":{"rendered":"CON EL LEMA \u201cTU DECISI\u00d3N MARCA LA DIFERENCIA\u201d, SALTA INICIA LA SEMANA DE VACUNACI\u00d3N EN LAS AM\u00c9RICAS"},"content":{"rendered":"<p><strong>La campa\u00f1a se desarrollar\u00e1 hasta el 2 de mayo en toda la provincia. El lanzamiento oficial se realiz\u00f3 en el Centro de Salud N\u00b0 14 con la presencia del ministro Federico Mangione, quien inst\u00f3 a la poblaci\u00f3n a completar esquemas como un acto de responsabilidad colectiva.<\/strong><\/p>\n<p><!--more--><\/p>\n<p>En el marco de la 24.\u00aa Semana de Vacunaci\u00f3n en las Am\u00e9ricas (SVA), impulsada por la Organizaci\u00f3n Panamericana de la Salud (OPS), el Ministerio de Salud P\u00fablica de Salta inici\u00f3 una serie de acciones intensivas destinadas a promover la prevenci\u00f3n de enfermedades, controlar carnets y completar esquemas de vacunaci\u00f3n en todas las etapas de la vida.<\/p>\n<p>El acto central tuvo lugar en el Centro de Salud N\u00b0 14, edificio recientemente refaccionado, donde el ministro de Salud P\u00fablica, Federico Mangione, encabez\u00f3 el lanzamiento junto a la jefa del programa de Inmunizaciones, Adriana Jure, equipos de salud, autoridades y la comunidad educativa.<\/p>\n<p>Durante su discurso, Mangione fue contundente respecto a la importancia de la inmunizaci\u00f3n: \u201cNo vacunar a los chicos es un acto total de irresponsabilidad. Nosotros, vemos a diario ni\u00f1os en respirador, entre la vida y la muerte, cuyos padres no completaron el carnet. La vacunaci\u00f3n es un derecho innegociable y el Estado debe garantizarlo\u201d.<\/p>\n<p>El titular de la cartera sanitaria tambi\u00e9n destac\u00f3 las gestiones realizadas ante la falta de insumos: \u201cPara conseguir estas dosis nos cost\u00f3 mucha diligencia y pelea a nivel Naci\u00f3n. Tuvimos que recurrir directamente a la OPS para asegurar que las vacunas lleguen a Salta. Contamos con el apoyo constante de nuestro Gobernador, quien tiene claro que la salud, la educaci\u00f3n y la seguridad no se negocian\u201d.<\/p>\n<p><img loading=\"lazy\" decoding=\"async\" class=\"aligncenter size-full wp-image-14357\" src=\"https:\/\/muycritico.com.ar\/web\/wp-content\/uploads\/2026\/04\/vacunacion2.jpg\" alt=\"\" width=\"1061\" height=\"598\" srcset=\"https:\/\/muycritico.com.ar\/web\/wp-content\/uploads\/2026\/04\/vacunacion2.jpg 1061w, https:\/\/muycritico.com.ar\/web\/wp-content\/uploads\/2026\/04\/vacunacion2-768x433.jpg 768w\" sizes=\"auto, (max-width: 1061px) 100vw, 1061px\" \/><\/p>\n<p><strong>Situaci\u00f3n epidemiol\u00f3gica<\/strong><\/p>\n<p>Por su parte, Adriana Jure, jefa del programa de Inmunizaciones, subray\u00f3 que el lema de este a\u00f1o, &#8220;Tu decisi\u00f3n marca la diferencia. Inmunizaci\u00f3n para todos&#8221;, busca recuperar coberturas perdidas y sostener los logros alcanzados. \u201cEnfrentamos el desaf\u00edo de evitar retrocesos cr\u00edticos. Para prevenir brotes de enfermedades como el sarampi\u00f3n, es necesario mantener coberturas superiores al 95 por ciento de manera homog\u00e9nea\u201d, explic\u00f3.<\/p>\n<p>Asimismo, se advirti\u00f3 sobre el incremento de casos de enfermedades que se consideraban controladas, como la tuberculosis en menores de 5 a\u00f1os, lo que refuerza la urgencia de asistir a los vacunatorios.<\/p>\n<p><iframe loading=\"lazy\" title=\"Con el lema \u201cTu decisi\u00f3n marca la diferencia\u201d, Salta inicia la Semana de Vacunaci\u00f3n en las Am\u00e9ricas\" width=\"696\" height=\"392\" src=\"https:\/\/www.youtube.com\/embed\/7GGNAdfj0v4?feature=oembed\" frameborder=\"0\" allow=\"accelerometer; autoplay; clipboard-write; encrypted-media; gyroscope; picture-in-picture; web-share\" referrerpolicy=\"strict-origin-when-cross-origin\" allowfullscreen><\/iframe><\/p>\n<p><strong>Cronograma y actividades en Salta<\/strong><\/p>\n<p>Adem\u00e1s del trabajo diario en hospitales y centros de salud de toda la provincia, se programaron actividades en ferias, escuelas, centros culturales y postas m\u00f3viles.<\/p>\n<p>Una actividad importante de esta semana ser\u00e1 el Taller en Herramientas de Microplanificaci\u00f3n y Fortalecimiento del Registro Nominal, que la OPS Argentina llevar\u00e1 a cabo en la ciudad de Salta los d\u00edas 28 y 29 de abril. Esta actividad estar\u00e1 acompa\u00f1ada por postas de vacunaci\u00f3n estrat\u00e9gicas en distintas localidades y en la Universidad Nacional de Salta (UNSa).<\/p>\n<p>Finalmente, las autoridades ministeriales brindaron un especial reconocimiento a los enfermeros, enfermeras y agentes sanitarios que recorren la provincia casa por casa, especialmente en las zonas de dif\u00edcil acceso, para acercar la salud a cada comunidad.<\/p>\n<p>Se invita a toda la poblaci\u00f3n a concurrir con el carnet de vacunaci\u00f3n al centro de salud m\u00e1s cercano. Cabe recordar que las vacunas del Calendario Nacional son gratuitas, obligatorias y seguras.<\/p>\n<p>Acompa\u00f1aron el lanzamiento, la subsecretaria de Medicina Social, Gabriela Dorigato; la jefa del programa de Atenci\u00f3n Primaria de la Salud, Adriana Magdaleno; la jefa del centro de salud N\u00b014, Adriana Grossberger.<\/p>\n","protected":false},"excerpt":{"rendered":"<p>La campa\u00f1a se desarrollar\u00e1 hasta el 2 de mayo en toda la provincia. El lanzamiento oficial se realiz\u00f3 en el Centro de Salud N\u00b0 14 con la presencia del ministro Federico Mangione, quien inst\u00f3 a la poblaci\u00f3n a completar esquemas como un acto de responsabilidad colectiva.<\/p>\n","protected":false},"author":2,"featured_media":14356,"comment_status":"open","ping_status":"closed","sticky":false,"template":"","format":"standard","meta":{"footnotes":""},"categories":[6],"tags":[],"class_list":["post-14355","post","type-post","status-publish","format-standard","has-post-thumbnail","hentry","category-notas"],"_links":{"self":[{"href":"https:\/\/muycritico.com.ar\/web\/index.php?rest_route=\/wp\/v2\/posts\/14355","targetHints":{"allow":["GET"]}}],"collection":[{"href":"https:\/\/muycritico.com.ar\/web\/index.php?rest_route=\/wp\/v2\/posts"}],"about":[{"href":"https:\/\/muycritico.com.ar\/web\/index.php?rest_route=\/wp\/v2\/types\/post"}],"author":[{"embeddable":true,"href":"https:\/\/muycritico.com.ar\/web\/index.php?rest_route=\/wp\/v2\/users\/2"}],"replies":[{"embeddable":true,"href":"https:\/\/muycritico.com.ar\/web\/index.php?rest_route=%2Fwp%2Fv2%2Fcomments&post=14355"}],"version-history":[{"count":1,"href":"https:\/\/muycritico.com.ar\/web\/index.php?rest_route=\/wp\/v2\/posts\/14355\/revisions"}],"predecessor-version":[{"id":14358,"href":"https:\/\/muycritico.com.ar\/web\/index.php?rest_route=\/wp\/v2\/posts\/14355\/revisions\/14358"}],"wp:featuredmedia":[{"embeddable":true,"href":"https:\/\/muycritico.com.ar\/web\/index.php?rest_route=\/wp\/v2\/media\/14356"}],"wp:attachment":[{"href":"https:\/\/muycritico.com.ar\/web\/index.php?rest_route=%2Fwp%2Fv2%2Fmedia&parent=14355"}],"wp:term":[{"taxonomy":"category","embeddable":true,"href":"https:\/\/muycritico.com.ar\/web\/index.php?rest_route=%2Fwp%2Fv2%2Fcategories&post=14355"},{"taxonomy":"post_tag","embeddable":true,"href":"https:\/\/muycritico.com.ar\/web\/index.php?rest_route=%2Fwp%2Fv2%2Ftags&post=14355"}],"curies":[{"name":"wp","href":"https:\/\/api.w.org\/{rel}","templated":true}]}}