{"id":14351,"date":"2026-04-27T12:23:59","date_gmt":"2026-04-27T15:23:59","guid":{"rendered":"https:\/\/muycritico.com.ar\/web\/?p=14351"},"modified":"2026-04-27T13:20:50","modified_gmt":"2026-04-27T16:20:50","slug":"ley-de-representacion-democratica-muchos-fueron-elegidos-desde-el-dedo-de-bs-as-y-ahora-se-niegan-a-tratar-la-ley","status":"publish","type":"post","link":"https:\/\/muycritico.com.ar\/web\/?p=14351","title":{"rendered":"LEY DE REPRESENTACI\u00d3N DEMOCR\u00c1TICA: \u201cMUCHOS FUERON ELEGIDOS DESDE EL DEDO DE BS. AS. Y AHORA SE NIEGAN A TRATAR LA LEY\u201d"},"content":{"rendered":"<p><strong>Lo dijo el diputado Gustavo Dantur, quien asegur\u00f3 desde sus redes sociales que se trata de la \u201cLey que va a afirmar el derecho constitucional de elegir y poder ser elegido y va a dejar atr\u00e1s posturas y los se\u00f1alamientos a dedos\u201d.<\/strong><\/p>\n<p><!--more--><\/p>\n<p><em>La palabra de Dantur<\/em><\/p>\n<p>Nos deb\u00edamos una reforma electoral, la ley Paso. Hace a\u00f1os que tanto en el estado nacional como en esta provincia no aplica. Esta es una ley de representaci\u00f3n democr\u00e1tica que viene a dejar atr\u00e1s las posturas y los se\u00f1alamientos a dedo. Claro que estoy de acuerdo que muchos diputados que fueron elegidos desde un dedo y ni siquiera de un dedo salte\u00f1o, desde el dedo de Buenos Aires.<\/p>\n<p>Vienen a querer establecer y a negarse de tratar. Existe un derecho constitucional de poder elegir y tambi\u00e9n poder ser elegido; representar a los ciudadanos. Esto es para que nos empecemos a conocer y para que el electorado sepa a quien vota, cuales son las convicciones del que vota, cu\u00e1l es su doctrina, cu\u00e1l es su postura filos\u00f3fica antes la vida.<\/p>\n<blockquote class=\"instagram-media\" style=\"background: #FFF; border: 0; border-radius: 3px; box-shadow: 0 0 1px 0 rgba(0,0,0,0.5),0 1px 10px 0 rgba(0,0,0,0.15); margin: 1px; max-width: 540px; min-width: 326px; padding: 0; width: calc(100% - 2px);\" data-instgrm-captioned=\"\" data-instgrm-permalink=\"https:\/\/www.instagram.com\/reel\/DXpCo0LRlJm\/?utm_source=ig_embed&amp;utm_campaign=loading\" data-instgrm-version=\"14\">\n<div style=\"padding: 16px;\">\n<p>&nbsp;<\/p>\n<div style=\"display: flex; flex-direction: row; align-items: center;\">\n<div style=\"background-color: #f4f4f4; border-radius: 50%; flex-grow: 0; height: 40px; margin-right: 14px; width: 40px;\"><\/div>\n<div style=\"display: flex; flex-direction: column; flex-grow: 1; justify-content: center;\">\n<div style=\"background-color: #f4f4f4; border-radius: 4px; flex-grow: 0; height: 14px; margin-bottom: 6px; width: 100px;\"><\/div>\n<div style=\"background-color: #f4f4f4; border-radius: 4px; flex-grow: 0; height: 14px; width: 60px;\"><\/div>\n<\/div>\n<\/div>\n<div style=\"padding: 19% 0;\"><\/div>\n<div style=\"display: block; height: 50px; margin: 0 auto 12px; width: 50px;\"><\/div>\n<div style=\"padding-top: 8px;\">\n<div style=\"color: #3897f0; font-family: Arial,sans-serif; font-size: 14px; font-style: normal; font-weight: 550; line-height: 18px;\">Ver esta publicaci\u00f3n en Instagram<\/div>\n<\/div>\n<div style=\"padding: 12.5% 0;\"><\/div>\n<div style=\"display: flex; flex-direction: row; margin-bottom: 14px; align-items: center;\">\n<div>\n<div style=\"background-color: #f4f4f4; border-radius: 50%; height: 12.5px; width: 12.5px; transform: translateX(0px) translateY(7px);\"><\/div>\n<div style=\"background-color: #f4f4f4; height: 12.5px; transform: rotate(-45deg) translateX(3px) translateY(1px); width: 12.5px; flex-grow: 0; margin-right: 14px; margin-left: 2px;\"><\/div>\n<div style=\"background-color: #f4f4f4; border-radius: 50%; height: 12.5px; width: 12.5px; transform: translateX(9px) translateY(-18px);\"><\/div>\n<\/div>\n<div style=\"margin-left: 8px;\">\n<div style=\"background-color: #f4f4f4; border-radius: 50%; flex-grow: 0; height: 20px; width: 20px;\"><\/div>\n<div style=\"width: 0; height: 0; border-top: 2px solid transparent; border-left: 6px solid #f4f4f4; border-bottom: 2px solid transparent; transform: translateX(16px) translateY(-4px) rotate(30deg);\"><\/div>\n<\/div>\n<div style=\"margin-left: auto;\">\n<div style=\"width: 0px; border-top: 8px solid #F4F4F4; border-right: 8px solid transparent; transform: translateY(16px);\"><\/div>\n<div style=\"background-color: #f4f4f4; flex-grow: 0; height: 12px; width: 16px; transform: translateY(-4px);\"><\/div>\n<div style=\"width: 0; height: 0; border-top: 8px solid #F4F4F4; border-left: 8px solid transparent; transform: translateY(-4px) translateX(8px);\"><\/div>\n<\/div>\n<\/div>\n<div style=\"display: flex; flex-direction: column; flex-grow: 1; justify-content: center; margin-bottom: 24px;\">\n<div style=\"background-color: #f4f4f4; border-radius: 4px; flex-grow: 0; height: 14px; margin-bottom: 6px; width: 224px;\"><\/div>\n<div style=\"background-color: #f4f4f4; border-radius: 4px; flex-grow: 0; height: 14px; width: 144px;\"><\/div>\n<\/div>\n<p>&nbsp;<\/p>\n<p style=\"color: #c9c8cd; font-family: Arial,sans-serif; font-size: 14px; line-height: 17px; margin-bottom: 0; margin-top: 8px; overflow: hidden; padding: 8px 0 7px; text-align: center; text-overflow: ellipsis; white-space: nowrap;\"><a style=\"color: #c9c8cd; font-family: Arial,sans-serif; font-size: 14px; font-style: normal; font-weight: normal; line-height: 17px; text-decoration: none;\" href=\"https:\/\/www.instagram.com\/reel\/DXpCo0LRlJm\/?utm_source=ig_embed&amp;utm_campaign=loading\" target=\"_blank\" rel=\"noopener\">Una publicaci\u00f3n compartida por Muy Critico (@muycriticodigital)<\/a><\/p>\n<\/div>\n<\/blockquote>\n<p><script async src=\"\/\/www.instagram.com\/embed.js\"><\/script><\/p>\n<p>Eso es lo que estamos estableciendo, identidad doctrinaria. Ya nadie construye una fuerza pol\u00edtica, ac\u00e1 tenemos que aunarnos, es volver al consenso de las pol\u00edticas y los que quieran representar un espacio, estar en un espacio donde exista un estado presente. Un estado que cuide a sus mayores, un estado que deba representar a sus afiliados en el PAMI, que tenga que financiar al Garrahan, que tenga que aportar en las universidades, un estado con obras publicas de nuestras rutas, un estado que le vuelva a construir viviendas a los que menos tienen.<\/p>\n<p>Es una ley de representaci\u00f3n democr\u00e1tica, y si quieren \u2013yo no le temo\u2013 le llamemos \u201cLey de Lemas\u201d. Un lema es una postura de vida, una postura de concepci\u00f3n ideol\u00f3gica. Eso es a lo que yo invito que votemos, es hora que los electores sepan a quienes est\u00e1n votando y que van a venir a votar y que hacer en La C\u00e1mara de Diputados.<\/p>\n<p>Eso es lo que queremos, saber cu\u00e1l va a ser la postura de sus intendentes. Si van a respetar la obra p\u00fablica, si van a respetar a los trabajadores, si van a respetar los compromisos. Es cuesti\u00f3n de saber en qu\u00e9 lugar estamos y a quienes representamos y tambi\u00e9n el lugar que entre los pol\u00edticos, entre los candidatos volvamos a establecer normas y reglas claras de juego, y nos volamos a entender. Y no ese mesianismo donde he sido electo solamente y a partir de que pueda establecer las reglas que yo crea.<\/p>\n","protected":false},"excerpt":{"rendered":"<p>Lo dijo el diputado Gustavo Dantur, quien asegur\u00f3 desde sus redes sociales que se trata de la \u201cLey que va a afirmar el derecho constitucional de elegir y poder ser elegido y va a dejar atr\u00e1s posturas y los se\u00f1alamientos a dedos\u201d.<\/p>\n","protected":false},"author":2,"featured_media":14352,"comment_status":"open","ping_status":"closed","sticky":false,"template":"","format":"standard","meta":{"footnotes":""},"categories":[6],"tags":[],"class_list":["post-14351","post","type-post","status-publish","format-standard","has-post-thumbnail","hentry","category-notas"],"_links":{"self":[{"href":"https:\/\/muycritico.com.ar\/web\/index.php?rest_route=\/wp\/v2\/posts\/14351","targetHints":{"allow":["GET"]}}],"collection":[{"href":"https:\/\/muycritico.com.ar\/web\/index.php?rest_route=\/wp\/v2\/posts"}],"about":[{"href":"https:\/\/muycritico.com.ar\/web\/index.php?rest_route=\/wp\/v2\/types\/post"}],"author":[{"embeddable":true,"href":"https:\/\/muycritico.com.ar\/web\/index.php?rest_route=\/wp\/v2\/users\/2"}],"replies":[{"embeddable":true,"href":"https:\/\/muycritico.com.ar\/web\/index.php?rest_route=%2Fwp%2Fv2%2Fcomments&post=14351"}],"version-history":[{"count":2,"href":"https:\/\/muycritico.com.ar\/web\/index.php?rest_route=\/wp\/v2\/posts\/14351\/revisions"}],"predecessor-version":[{"id":14354,"href":"https:\/\/muycritico.com.ar\/web\/index.php?rest_route=\/wp\/v2\/posts\/14351\/revisions\/14354"}],"wp:featuredmedia":[{"embeddable":true,"href":"https:\/\/muycritico.com.ar\/web\/index.php?rest_route=\/wp\/v2\/media\/14352"}],"wp:attachment":[{"href":"https:\/\/muycritico.com.ar\/web\/index.php?rest_route=%2Fwp%2Fv2%2Fmedia&parent=14351"}],"wp:term":[{"taxonomy":"category","embeddable":true,"href":"https:\/\/muycritico.com.ar\/web\/index.php?rest_route=%2Fwp%2Fv2%2Fcategories&post=14351"},{"taxonomy":"post_tag","embeddable":true,"href":"https:\/\/muycritico.com.ar\/web\/index.php?rest_route=%2Fwp%2Fv2%2Ftags&post=14351"}],"curies":[{"name":"wp","href":"https:\/\/api.w.org\/{rel}","templated":true}]}}