{"id":14348,"date":"2026-04-27T11:41:05","date_gmt":"2026-04-27T14:41:05","guid":{"rendered":"https:\/\/muycritico.com.ar\/web\/?p=14348"},"modified":"2026-04-27T11:41:05","modified_gmt":"2026-04-27T14:41:05","slug":"avenida-paraguay-lopez-reconocio-haber-consumido-dos-botellas-de-vodka-y-marihuana-antes-del-hecho","status":"publish","type":"post","link":"https:\/\/muycritico.com.ar\/web\/?p=14348","title":{"rendered":"AVENIDA PARAGUAY: L\u00d3PEZ RECONOCI\u00d3 HABER CONSUMIDO DOS BOTELLAS DE VODKA Y MARIHUANA ANTES DEL HECHO"},"content":{"rendered":"<p><strong>Llorando pidi\u00f3 disculpas a los familiares lo que no hizo m\u00e1s que generar malestar entre los familiares. Tras finalizar la ronda de testimoniales, este lunes se dio lugar a los alegatos de las partes y se espera conocer el veredicto al finalizar la jornada.<\/strong><\/p>\n<p><!--more--><\/p>\n<p>Se encuentra en sus tramos finales el juicio contra <strong>Luciano Nahir L\u00f3pez<\/strong>, acusado como autor de los delitos de homicidio simple en perjuicio de cinco personas, lesiones graves en perjuicio de dos personas y lesiones leves en perjuicio de cuatro personas, en concurso ideal de delitos y atribuibles a t\u00edtulo de dolo eventual.<\/p>\n<p>Este lunes 27, al reanudarse la audiencia de debate en la Sala de Grandes Juicios, las partes realizar\u00e1n sus alegatos ante el Tribunal integrado por los jueces Gabriela Romero Nayar, Victoria Montoya Quiroga y Pablo Farah. Tras deliberar, se espera conocer el veredicto al finalizar la jornada.<\/p>\n<p>Cabe recordar que el pasado viernes 24, durante la \u00faltima jornada de testimoniales, declararon en conjunto dos m\u00e9dicas forenses del Cuerpo de Investigaciones Fiscales, quienes tuvieron a su cargo la realizaci\u00f3n de la autopsia de dos de las v\u00edctimas fatales y la revisi\u00f3n m\u00e9dica de dos de las v\u00edctimas lesionadas.<\/p>\n<p>Tambi\u00e9n lo hizo el bioqu\u00edmico del CIF, quien realiz\u00f3 el an\u00e1lisis toxicol\u00f3gico de las muestras obtenidas del imputado tras el hecho. Confirm\u00f3 que el imputado presentaba, al momento del hecho, 1,62 g\/l de alcohol en sangre, seg\u00fan el an\u00e1lisis retrospectivo efectuado, y que el an\u00e1lisis toxicol\u00f3gico de orina arroj\u00f3 resultado positivo para marihuana. Ante la consulta de los abogados defensores, el profesional descart\u00f3 de plano la posibilidad de error en los resultados obtenidos.<\/p>\n<p>Finalizados los testimonios previstos, el imputado declar\u00f3 sin responder preguntas. <strong>L\u00f3pez reconoci\u00f3 haber consumido dos botellas de vodka en un local bailable en compa\u00f1\u00eda de amigos y haber consumido marihuana el d\u00eda anterior al hecho<\/strong>. Neg\u00f3 haber ingerido bebidas alcoh\u00f3licas previamente al ingreso al local nocturno y admiti\u00f3 haber mantenido conversaciones con los ocupantes de dos motocicletas mientras se encontraba en circulaci\u00f3n.<\/p>\n<p>En su relato, confirm\u00f3 que no realiz\u00f3 el giro reglamentario en la rotonda del mercado Cofruthos y que al advertir la presencia de peatones en la zona, solo les hizo cambio de luces como advertencia. Respecto del cruce en rojo de dos sem\u00e1foros, dijo recordar haberlos atravesado cuando la luz estaba en verde. Finalmente, pidi\u00f3 disculpas a las familias de las v\u00edctimas, lo que gener\u00f3 una situaci\u00f3n de malestar entre los presentes.<\/p>\n","protected":false},"excerpt":{"rendered":"<p>Llorando pidi\u00f3 disculpas a los familiares lo que no hizo m\u00e1s que generar malestar entre los familiares. Tras finalizar la ronda de testimoniales, este lunes se dio lugar a los alegatos de las partes y se espera conocer el veredicto al finalizar la jornada.<\/p>\n","protected":false},"author":2,"featured_media":14349,"comment_status":"open","ping_status":"closed","sticky":false,"template":"","format":"standard","meta":{"footnotes":""},"categories":[6],"tags":[1415],"class_list":["post-14348","post","type-post","status-publish","format-standard","has-post-thumbnail","hentry","category-notas","tag-luciano-nahir-lopez"],"_links":{"self":[{"href":"https:\/\/muycritico.com.ar\/web\/index.php?rest_route=\/wp\/v2\/posts\/14348","targetHints":{"allow":["GET"]}}],"collection":[{"href":"https:\/\/muycritico.com.ar\/web\/index.php?rest_route=\/wp\/v2\/posts"}],"about":[{"href":"https:\/\/muycritico.com.ar\/web\/index.php?rest_route=\/wp\/v2\/types\/post"}],"author":[{"embeddable":true,"href":"https:\/\/muycritico.com.ar\/web\/index.php?rest_route=\/wp\/v2\/users\/2"}],"replies":[{"embeddable":true,"href":"https:\/\/muycritico.com.ar\/web\/index.php?rest_route=%2Fwp%2Fv2%2Fcomments&post=14348"}],"version-history":[{"count":1,"href":"https:\/\/muycritico.com.ar\/web\/index.php?rest_route=\/wp\/v2\/posts\/14348\/revisions"}],"predecessor-version":[{"id":14350,"href":"https:\/\/muycritico.com.ar\/web\/index.php?rest_route=\/wp\/v2\/posts\/14348\/revisions\/14350"}],"wp:featuredmedia":[{"embeddable":true,"href":"https:\/\/muycritico.com.ar\/web\/index.php?rest_route=\/wp\/v2\/media\/14349"}],"wp:attachment":[{"href":"https:\/\/muycritico.com.ar\/web\/index.php?rest_route=%2Fwp%2Fv2%2Fmedia&parent=14348"}],"wp:term":[{"taxonomy":"category","embeddable":true,"href":"https:\/\/muycritico.com.ar\/web\/index.php?rest_route=%2Fwp%2Fv2%2Fcategories&post=14348"},{"taxonomy":"post_tag","embeddable":true,"href":"https:\/\/muycritico.com.ar\/web\/index.php?rest_route=%2Fwp%2Fv2%2Ftags&post=14348"}],"curies":[{"name":"wp","href":"https:\/\/api.w.org\/{rel}","templated":true}]}}