{"id":14345,"date":"2026-04-26T13:56:35","date_gmt":"2026-04-26T16:56:35","guid":{"rendered":"https:\/\/muycritico.com.ar\/web\/?p=14345"},"modified":"2026-04-26T13:56:35","modified_gmt":"2026-04-26T16:56:35","slug":"estallo-la-colapintomania","status":"publish","type":"post","link":"https:\/\/muycritico.com.ar\/web\/?p=14345","title":{"rendered":"ESTALL\u00d3 LA COLAPINTOMANIA"},"content":{"rendered":"<p><strong>El Road Show de Franco Colapinto en Buenos Aires revoluciona el barrio de Palermo con un circuito callejero de F\u00f3rmula 1, donde miles de fan\u00e1ticos son parte de una fiesta para ver al piloto argentino en acci\u00f3n. Todos los detalles del evento, que se transmite por TV en ESPN y tambi\u00e9n a trav\u00e9s de la plataforma Disney+. Foto: Fernando de la Orden \/ Clar\u00edn<\/strong><\/p>\n<p><!--more--><\/p>\n<p>No comenz\u00f3 puntualmente a las 12.45. Pero a nadie le import\u00f3. Porque, primero, hubo emoci\u00f3n, cuando Franco corri\u00f3 hacia su abuela, que lo esperaba detr\u00e1s de la valla de Avenida del Libertador, a pasos del box de Alpine. Con personal del SAME que la asist\u00eda y la llev\u00f3 hasta ah\u00ed en silla de ruedas, el piloto se inclin\u00f3, la abraz\u00f3 y, l\u00f3gicamente, se conmovi\u00f3.<\/p>\n<p>Luego de que Pato Sardelli, el l\u00edder de Airbag, interpret\u00f3 con guitarra el\u00e9ctrica el himno nacional, que termin\u00f3 a las 12.48, los aviones de la Fuerza \u00c1rea Argentina ti\u00f1eron a\u00fan de m\u00e1s celeste y blanco el cielo. Pero no fue hasta las 12.52 que Colapinto se puso el casco y se subi\u00f3 al E20 para, seis minutos despu\u00e9s, salir por primera vez a la pista.<\/p>\n<p>El p\u00fablico vibr\u00f3 en cada una de las pasadas en una salida que dur\u00f3 14 minutos. El pilarense hizo donas y aceler\u00f3 poco para que nadie se perdiera la chance de verlo de cerca por primera vez en un F1. Seguramente, cuando vuelva a salir, ir\u00e1 a fondo para mostrar la velocidad. Lo que ahora dej\u00f3 fue el sonido espectacular de un V8 y el olor al caucho quemado.<\/p>\n<p>Cuando se baj\u00f3 del auto, se subi\u00f3 a unas vallas de colores frente al box y salud\u00f3 a la gente, el momento en el que estuvo m\u00e1s cerca hasta ahora. A las 14.30, volver\u00e1 a salir a pista, pero esta vez para un encuentro especial: el del pasado y el presente con la Flecha de Plata de Juan Manuel Fangio.<\/p>\n","protected":false},"excerpt":{"rendered":"<p>El Road Show de Franco Colapinto en Buenos Aires revoluciona el barrio de Palermo con un circuito callejero de F\u00f3rmula 1, donde miles de fan\u00e1ticos son parte de una fiesta para ver al piloto argentino en acci\u00f3n. Todos los detalles del evento, que se transmite por TV en ESPN y tambi\u00e9n a trav\u00e9s de la [&hellip;]<\/p>\n","protected":false},"author":2,"featured_media":14346,"comment_status":"open","ping_status":"closed","sticky":false,"template":"","format":"standard","meta":{"footnotes":""},"categories":[11],"tags":[1097,1054,620],"class_list":["post-14345","post","type-post","status-publish","format-standard","has-post-thumbnail","hentry","category-motor","tag-alpine","tag-fangio","tag-franco-colapinto"],"_links":{"self":[{"href":"https:\/\/muycritico.com.ar\/web\/index.php?rest_route=\/wp\/v2\/posts\/14345","targetHints":{"allow":["GET"]}}],"collection":[{"href":"https:\/\/muycritico.com.ar\/web\/index.php?rest_route=\/wp\/v2\/posts"}],"about":[{"href":"https:\/\/muycritico.com.ar\/web\/index.php?rest_route=\/wp\/v2\/types\/post"}],"author":[{"embeddable":true,"href":"https:\/\/muycritico.com.ar\/web\/index.php?rest_route=\/wp\/v2\/users\/2"}],"replies":[{"embeddable":true,"href":"https:\/\/muycritico.com.ar\/web\/index.php?rest_route=%2Fwp%2Fv2%2Fcomments&post=14345"}],"version-history":[{"count":1,"href":"https:\/\/muycritico.com.ar\/web\/index.php?rest_route=\/wp\/v2\/posts\/14345\/revisions"}],"predecessor-version":[{"id":14347,"href":"https:\/\/muycritico.com.ar\/web\/index.php?rest_route=\/wp\/v2\/posts\/14345\/revisions\/14347"}],"wp:featuredmedia":[{"embeddable":true,"href":"https:\/\/muycritico.com.ar\/web\/index.php?rest_route=\/wp\/v2\/media\/14346"}],"wp:attachment":[{"href":"https:\/\/muycritico.com.ar\/web\/index.php?rest_route=%2Fwp%2Fv2%2Fmedia&parent=14345"}],"wp:term":[{"taxonomy":"category","embeddable":true,"href":"https:\/\/muycritico.com.ar\/web\/index.php?rest_route=%2Fwp%2Fv2%2Fcategories&post=14345"},{"taxonomy":"post_tag","embeddable":true,"href":"https:\/\/muycritico.com.ar\/web\/index.php?rest_route=%2Fwp%2Fv2%2Ftags&post=14345"}],"curies":[{"name":"wp","href":"https:\/\/api.w.org\/{rel}","templated":true}]}}