{"id":14341,"date":"2026-04-26T12:31:17","date_gmt":"2026-04-26T15:31:17","guid":{"rendered":"https:\/\/muycritico.com.ar\/web\/?p=14341"},"modified":"2026-04-26T12:31:17","modified_gmt":"2026-04-26T15:31:17","slug":"tengo-que-pagar-y-estoy-pagando","status":"publish","type":"post","link":"https:\/\/muycritico.com.ar\/web\/?p=14341","title":{"rendered":"\u201cTENGO QUE PAGAR Y ESTOY PAGANDO\u201d"},"content":{"rendered":"<p><strong>Declar\u00f3 Jos\u00e9 Figueroa frente al tribunal que lo est\u00e1 juzgando pero solicit\u00f3 no responder preguntas. Para la \u00faltima jornada de testimoniales, declararon numerosos testigos de concepto convocados por la defensa y dos m\u00e9dicos del hospital San Bernardo. Los alegatos se producir\u00e1n el pr\u00f3ximo mi\u00e9rcoles 29.<\/strong><\/p>\n<p><!--more--><\/p>\n<p>En lo que fue una experiencia cat\u00e1rtica, Jos\u00e9 \u201cJota\u201d Figueroa pidi\u00f3 declarar aunque neg\u00e1ndose a responder preguntas de las partes. Dijo que se trataba de un pedido de disculpas a su familia, a la familia de la v\u00edctima y a sus hijos. \u201cLes fall\u00e9\u201d, dijo respecto de los menores. Respecto de la v\u00edctima, sostuvo que \u201cMer no se merec\u00eda esto\u201d y que era una buena madre y una buena mujer.<\/p>\n<p>Sobre su situaci\u00f3n, dijo hacerse responsable por \u201clo que pas\u00f3\u201d, y evit\u00f3 referirse al hecho que est\u00e1 siendo juzgado y cuya autor\u00eda se le atribuye. \u201cTengo que pagar, y estoy pagando\u2026\u201d concluy\u00f3.<\/p>\n<p>Previamente a su declaraci\u00f3n, durante la audiencia de este viernes 24, fueron citados amigos de la pareja, familiares, dos empleadas dom\u00e9sticas y la expareja de un hombre con el que la v\u00edctima mantuvo una relaci\u00f3n sentimental, quienes brindaron lo que conoc\u00edan y sab\u00edan de la pareja previo al hecho. Tambi\u00e9n lo hicieron dos m\u00e9dicos que prestan servicios en el hospital San Bernardo.<\/p>\n<p><img loading=\"lazy\" decoding=\"async\" class=\"aligncenter size-full wp-image-5475\" src=\"https:\/\/muycritico.com.ar\/web\/wp-content\/uploads\/2025\/03\/FIGUEROA.jpg\" alt=\"\" width=\"926\" height=\"624\" srcset=\"https:\/\/muycritico.com.ar\/web\/wp-content\/uploads\/2025\/03\/FIGUEROA.jpg 926w, https:\/\/muycritico.com.ar\/web\/wp-content\/uploads\/2025\/03\/FIGUEROA-768x518.jpg 768w\" sizes=\"auto, (max-width: 926px) 100vw, 926px\" \/><\/p>\n<p><strong>Nunca estuvo en peligro la vida del imputado<\/strong><\/p>\n<p>A su turno, un m\u00e9dico especialista en cirug\u00eda de cuello y cabeza dijo que el d\u00eda del hecho cumpl\u00eda guardia en el hospital San Bernardo, cuando fue convocado desde el shockroom para evaluar al imputado como paciente. Dijo que por la zona donde presentaba la lesi\u00f3n \u2014considerada vital\u2014 decidi\u00f3 realizar una exploraci\u00f3n m\u00e1s profunda en quir\u00f3fano.<\/p>\n<p>La intervenci\u00f3n se produjo entre las 14:00 y las 15:20 del 4 de agosto de 2023, y el imputado presentaba una herida de arma blanca en la denominada zona 2 del cuello. Al constatar que se trataba de una lesi\u00f3n superficial, que no afectaba estructuras profundas, realiz\u00f3 la curaci\u00f3n mediante electrocoagulaci\u00f3n, ligadura y toilette quir\u00fargico, sin el suministro de medicaci\u00f3n alguna.<\/p>\n<p>Ante las consultas del abogado defensor respecto de la mec\u00e1nica con la que se habr\u00edan producido las heridas, el m\u00e9dico dijo no poder dar precisiones, dado que no es perito. Confirm\u00f3 que, pese a que la lesi\u00f3n del cuello se ubicaba en una zona considerada de riesgo, era superficial y que el imputado no corri\u00f3 riesgo de vida.<\/p>\n<p>Dijo que luego de la intervenci\u00f3n en quir\u00f3fano, permaneci\u00f3 por seis horas en observaci\u00f3n y, tras verificar su evoluci\u00f3n favorable y ausencia de riesgo, se dispuso su traslado a una sala com\u00fan de cirug\u00eda general.<\/p>\n<p>Tambi\u00e9n fue convocado como testigo un m\u00e9dico cirujano que presta servicios en el nosocomio y mantiene una relaci\u00f3n de amistad con la familia del imputado. Aclar\u00f3 que no tuvo a su cargo la atenci\u00f3n del imputado ni emiti\u00f3 informe alguno que obre en la causa, y se\u00f1al\u00f3 que, al encontrarse\u00a0 casualmente de guardia y enterarse de la presencia del imputado, tom\u00f3 inter\u00e9s por su estado, lo visit\u00f3 al salir de quir\u00f3fano y accedi\u00f3 a la historia cl\u00ednica.<\/p>\n<p>Tras un cuarto intermedio, se incorpor\u00f3 la prueba y se dispuso un receso hasta el pr\u00f3ximo mi\u00e9rcoles a las 11, para dar lugar a los alegatos.<\/p>\n","protected":false},"excerpt":{"rendered":"<p>Declar\u00f3 Jos\u00e9 Figueroa frente al tribunal que lo est\u00e1 juzgando pero solicit\u00f3 no responder preguntas. Para la \u00faltima jornada de testimoniales, declararon numerosos testigos de concepto convocados por la defensa y dos m\u00e9dicos del hospital San Bernardo. Los alegatos se producir\u00e1n el pr\u00f3ximo mi\u00e9rcoles 29.<\/p>\n","protected":false},"author":2,"featured_media":14342,"comment_status":"open","ping_status":"closed","sticky":false,"template":"","format":"standard","meta":{"footnotes":""},"categories":[6],"tags":[],"class_list":["post-14341","post","type-post","status-publish","format-standard","has-post-thumbnail","hentry","category-notas"],"_links":{"self":[{"href":"https:\/\/muycritico.com.ar\/web\/index.php?rest_route=\/wp\/v2\/posts\/14341","targetHints":{"allow":["GET"]}}],"collection":[{"href":"https:\/\/muycritico.com.ar\/web\/index.php?rest_route=\/wp\/v2\/posts"}],"about":[{"href":"https:\/\/muycritico.com.ar\/web\/index.php?rest_route=\/wp\/v2\/types\/post"}],"author":[{"embeddable":true,"href":"https:\/\/muycritico.com.ar\/web\/index.php?rest_route=\/wp\/v2\/users\/2"}],"replies":[{"embeddable":true,"href":"https:\/\/muycritico.com.ar\/web\/index.php?rest_route=%2Fwp%2Fv2%2Fcomments&post=14341"}],"version-history":[{"count":1,"href":"https:\/\/muycritico.com.ar\/web\/index.php?rest_route=\/wp\/v2\/posts\/14341\/revisions"}],"predecessor-version":[{"id":14343,"href":"https:\/\/muycritico.com.ar\/web\/index.php?rest_route=\/wp\/v2\/posts\/14341\/revisions\/14343"}],"wp:featuredmedia":[{"embeddable":true,"href":"https:\/\/muycritico.com.ar\/web\/index.php?rest_route=\/wp\/v2\/media\/14342"}],"wp:attachment":[{"href":"https:\/\/muycritico.com.ar\/web\/index.php?rest_route=%2Fwp%2Fv2%2Fmedia&parent=14341"}],"wp:term":[{"taxonomy":"category","embeddable":true,"href":"https:\/\/muycritico.com.ar\/web\/index.php?rest_route=%2Fwp%2Fv2%2Fcategories&post=14341"},{"taxonomy":"post_tag","embeddable":true,"href":"https:\/\/muycritico.com.ar\/web\/index.php?rest_route=%2Fwp%2Fv2%2Ftags&post=14341"}],"curies":[{"name":"wp","href":"https:\/\/api.w.org\/{rel}","templated":true}]}}