{"id":14334,"date":"2026-04-26T08:04:54","date_gmt":"2026-04-26T11:04:54","guid":{"rendered":"https:\/\/muycritico.com.ar\/web\/?p=14334"},"modified":"2026-04-26T08:08:16","modified_gmt":"2026-04-26T11:08:16","slug":"denunciaron-a-santos-clemente-vera-por-una-violacion-que-habria-ocurrido-en-2011","status":"publish","type":"post","link":"https:\/\/muycritico.com.ar\/web\/?p=14334","title":{"rendered":"DENUNCIARON A SANTOS CLEMENTE VERA POR UN PRESUNTO ABUSO SEXUAL EN 2011"},"content":{"rendered":"<p><strong>La defensa pone en duda la veracidad del hecho y la seriedad de la denuncia, aduciendo que lo ocurrido obedece a la negativa de la mujer de Vera por someterse a un ADN pedido por la nueva unidad fiscal en el marco de la investigaci\u00f3n por los cr\u00edmenes de las turistas francesas ese mismo a\u00f1o.<\/strong><\/p>\n<p><!--more--><\/p>\n<p>El nombre de <strong>Santos Clemente Vera<\/strong> ha vuelto a los principales titulares de las cr\u00f3nicas judiciales y no precisamente para saber si lo indemnizar\u00e1n por haber estado preso m\u00e1s de 10 a\u00f1os y luego haber sido absuelto como autor de los horrendos cr\u00edmenes ocurridos en 2011, cuando aparecieron <strong>Cassandre Bouvier (29) y Houria Moumni (24)<\/strong> asesinadas en la Quebrada de San Lorenzo. Esta vez se trata de una novedad muy extra\u00f1a que lleg\u00f3 al despacho del defensor <strong>Roberto Reyes<\/strong> hace unas semanas, cuando se llam\u00f3 a la esposa de Vera para una extracci\u00f3n de su ADN. Desde ese momento la pesadilla volvi\u00f3 a corporizarse en la persona de Santos y en su familia.<\/p>\n<p>Pero unas semanas despu\u00e9s se conoci\u00f3 una denuncia contra Vera por una supuesta violaci\u00f3n que habr\u00eda ocurrido cerca de la fecha en que aparecieron los cuerpos de las ciudadanas francesas, violadas y asesinadas.<\/p>\n<p>Se trata de una mujer de unos 72 a\u00f1os quien se present\u00f3 ante la Fiscal\u00eda Penal de Delitos contra la integridad sexual a cargo de <strong>Mar\u00eda Celina Morales Torino<\/strong>, desde donde se tomaron medidas de prohibici\u00f3n de acercamiento para el denunciado como as\u00ed tambi\u00e9n y mantener todo tipo de contacto con la denunciante.<\/p>\n<p><img loading=\"lazy\" decoding=\"async\" class=\"aligncenter size-full wp-image-4680\" src=\"https:\/\/muycritico.com.ar\/web\/wp-content\/uploads\/2025\/01\/SANTOS-CLEMENTE-VERA-MUY-CRITICO.jpg\" alt=\"\" width=\"900\" height=\"506\" srcset=\"https:\/\/muycritico.com.ar\/web\/wp-content\/uploads\/2025\/01\/SANTOS-CLEMENTE-VERA-MUY-CRITICO.jpg 900w, https:\/\/muycritico.com.ar\/web\/wp-content\/uploads\/2025\/01\/SANTOS-CLEMENTE-VERA-MUY-CRITICO-768x432.jpg 768w\" sizes=\"auto, (max-width: 900px) 100vw, 900px\" \/><\/p>\n<p>Esta denuncia lo vuelve a poner en el centro de la escena, tras pasar 11 a\u00f1os detenido, Vera hab\u00eda recuperado la libertad en diciembre de 2023 luego de que la Corte Suprema de Justicia de la Naci\u00f3n hiciera lugar a un recurso extraordinario de su defensa y anulara la condena a prisi\u00f3n perpetua por irregularidades en el proceso.<\/p>\n<p>Reyes cont\u00f3 que tom\u00f3 conocimiento de la denuncia el viernes por la tarde, cuando Vera lo contact\u00f3 tras recibir la visita policial. \u201cRecibo una llamada del se\u00f1or Santos Vera, por supuesto, nervioso, con mucho miedo, diciendo que hab\u00eda recibido la visita de miembros de la Polic\u00eda de Salta para notificarlo de una denuncia\u201d, relat\u00f3. \u201cCon la historia tr\u00e1gica que tiene \u00e9l, obviamente, siempre piensa lo peor\u201d, a\u00f1adi\u00f3.<\/p>\n<p>Seg\u00fan precis\u00f3 a Salta 12, lo que se notific\u00f3 fue una \u201cidentificaci\u00f3n simple\u201d y no una imputaci\u00f3n. En ese sentido, detall\u00f3: \u201cA esta altura de las circunstancias, una averiguaci\u00f3n preliminar pone a una persona como en car\u00e1cter de sospechoso, no hay todav\u00eda una acusaci\u00f3n precisa, pero a\u00fan siendo sospechoso puede presentarse espont\u00e1neamente en la fiscal\u00eda y hacer no una declaraci\u00f3n, porque no est\u00e1 acusado, sino simplemente un descargo\u201d.<\/p>\n<p>Vera todav\u00eda no conoce el texto \u00edntegro de la denuncia en su contra. Su abogado cuestion\u00f3 el procedimiento de notificaci\u00f3n y la falta de documentaci\u00f3n. \u201cLa polic\u00eda no dej\u00f3 nada, cuando ten\u00eda la obligaci\u00f3n de dejarle una copia o por lo menos leerle\u201d, se\u00f1al\u00f3, y explic\u00f3 que solo pudieron reconstruir parte del contenido \u201cpor versiones verbales\u201d de los efectivos policiales.<\/p>\n<p><img loading=\"lazy\" decoding=\"async\" class=\"aligncenter size-full wp-image-9056\" src=\"https:\/\/muycritico.com.ar\/web\/wp-content\/uploads\/2025\/08\/TURISTAS-FRANCESAS.jpg\" alt=\"\" width=\"700\" height=\"467\" \/><\/p>\n<p>Ante esto, la defensa se present\u00f3 de inmediato ante el Ministerio P\u00fablico Fiscal. \u201cHicimos una presentaci\u00f3n por la bandeja virtual para tomar conocimiento real, con copias del tenor de la denuncia y hacer las presentaciones que correspondan\u201d, se\u00f1al\u00f3 Reyes.<\/p>\n<p>De acuerdo a la escasa informaci\u00f3n con la que cuenta la defensa en estos momentos, la denuncia fue realizada por una mujer que asegura haber sido violada por Vera entre el 8 y el 10 de julio de 2011. Sin embargo, el abogado puso en duda su consistencia: \u201cNo hay mucha seriedad en la denuncia\u201d, consider\u00f3. Tambi\u00e9n marc\u00f3 como \u201cdemasiado curiosa\u201d la rapidez del tr\u00e1mite: \u201cLa denuncia fue hecha en horas de la ma\u00f1ana y con una velocidad de un rayo lo notificaron a la tarde\u201d.<\/p>\n<p>Reyes indic\u00f3 que la denunciante tiene hoy aproximadamente 72 a\u00f1os, y no hab\u00eda denunciado antes el hecho. La mujer habr\u00eda manifestado que \u201creci\u00e9n ahora lo reconoci\u00f3 a Vera hace pocos d\u00edas cuando sal\u00eda repetidamente en todos los medios\u201d, sostuvo el abogado.<\/p>\n<p>La defensa, ejercida por Reyes y por el abogado Jos\u00e9 Humberto Vargas, hizo una presentaci\u00f3n virtual ante la fiscal\u00eda el mismo viernes por la noche. Pidi\u00f3 que la notifiquen de todas las medidas procesales y anticip\u00f3 que buscar\u00e1 estar presente en instancias clave. \u201cVan a requerir la ratificaci\u00f3n de la denuncia de parte de esta se\u00f1ora y nosotros queremos estar presentes\u201d, se\u00f1al\u00f3 Reyes.<\/p>\n<p>\u201cNecesito ver el expediente y vamos a ir hasta las \u00faltimas consecuencias. Fundamentalmente, vamos a tratar de investigar de d\u00f3nde sale esta mujer\u201d, sostuvo. \u201cAlgo debe haber detr\u00e1s, pero yo hablo sobre realidades, no sobre hip\u00f3tesis\u201d, manifest\u00f3.<\/p>\n<p>El abogado consider\u00f3 que la denuncia: \u201cNo tiene viso de seriedad. Han pasado 15 a\u00f1os. Por supuesto que est\u00e1 prescripta\u201d.<\/p>\n<p>No obstante, advirti\u00f3 que si bien \u201cJur\u00eddicamente no lo va a afectar\u201d a Vera, \u201cpsicol\u00f3gicamente (lo afectar\u00e1) much\u00edsimo. Me preguntaba \u2018\u00bfcu\u00e1ndo me van a llevar detenido?\u2019. Es l\u00f3gico que piense as\u00ed. Los chiquitos se agarraban de las piernas (del padre) llorando cuando vieron a la polic\u00eda. Hay que ponerse en esa situaci\u00f3n para entender el da\u00f1o que signific\u00f3 para esta familia todo lo que pas\u00f3\u201d, manifest\u00f3.<\/p>\n<p><strong>\u00bfPosible represalia?<\/strong><\/p>\n<p>El abogado vincul\u00f3 la denuncia contra Vera con otras discusiones judiciales en curso, en el caso del doble crimen de las j\u00f3venes francesas, especialmente en lo que ata\u00f1e al pedido de extracci\u00f3n de ADN, que hizo la Unidad Fiscal a la esposa de Vera, Beatriz Yapura.<\/p>\n<p>\u201cNo puedo dejar de pensar que esto se relaciona con la negativa a la extracci\u00f3n de muestras de ADN\u201d, afirm\u00f3 Reyes. \u201cNosotros apelamos esta semana y ahora debe intervenir el Tribunal de Impugnaci\u00f3n (&#8230;) A partir de esa decisi\u00f3n tenemos la posibilidad de acudir a la Corte de Justicia de Salta y eventualmente a la Corte Suprema de la Naci\u00f3n\u201d, subray\u00f3.<\/p>\n<p>El abogado se\u00f1al\u00f3 que el procedimiento \u201ces violatorio del derecho a la intimidad\u201d si no cumple con ciertos requisitos legales. \u201cPrimero, debe tratarse de una persona imputada de un delito. Segundo, la persona imputada debe conocer cu\u00e1l es el prop\u00f3sito de esa diligencia, por qu\u00e9 es necesaria, por qu\u00e9 es eficaz ese medio de prueba y a qu\u00e9 apunta en el orden de la investigaci\u00f3n\u201d. En ese sentido, subray\u00f3: \u201cLa autorizaci\u00f3n para la extracci\u00f3n de muestras de ADN tiene que salir del juez de Garant\u00edas, pero no en una orden simple y concreta, sino que debe estar fundamentada en la necesidad de que esta prueba sea conducente a los fines investigativos\u201d.<\/p>\n<p>\u201cEs un auto resolutivo donde el juez explica la eficacia, la importancia, la trascendencia y la procedencia de esa prueba. Y por \u00faltimo, le cabe tambi\u00e9n la posibilidad al imputado de negarse a la prueba\u201d, explic\u00f3. En el caso de Yapura, se\u00f1al\u00f3 que: \u201cTodos esos derechos fueron dilapidados y la Fiscal\u00eda pretend\u00eda citarla directamente a una muestra, cuando trat\u00e1ndose de una violaci\u00f3n a la garant\u00eda constitucional, como es el derecho a la intimidad, necesariamente tiene que haber una ley que establezca las condiciones\u201d, recalc\u00f3. La mujer no est\u00e1 imputada y seg\u00fan su abogado, no estaba bien fundamentado el pedido de extracci\u00f3n de ADN.<\/p>\n<p>\u201cEntendemos que ninguna garant\u00eda constitucional es absoluta. Todas est\u00e1n limitadas por el orden p\u00fablico, pero ese orden debe estar fundado en una ley. No se puede pasar por encima de la Constituci\u00f3n\u201d, a\u00f1adi\u00f3.<\/p>\n<p>Reyes tambi\u00e9n cuestion\u00f3 la calidad de las pruebas. \u201cNo sab\u00edamos con qu\u00e9 muestra iban a compulsar. Las muestras de Buenos Aires eran solamente desechos. Ahora quieren hacer un mapa comparativo con esos desechos, puede salir cualquier cosa. Esas muestras est\u00e1n contaminadas\u201d, asegur\u00f3.<\/p>\n<p>En contraposici\u00f3n, se\u00f1al\u00f3 que \u201clas muestras de Francia s\u00ed est\u00e1n ordenadas, con estudio, informe y resultados. Ah\u00ed aparecen dos perfiles masculinos y un perfil femenino\u201d.<\/p>\n<p>Reyes advirti\u00f3 adem\u00e1s sobre la orientaci\u00f3n de la investigaci\u00f3n. \u201cLa l\u00ednea investigativa sigue el mismo trazado de aquella ruta que queda en el fracaso\u201d, advirti\u00f3. \u201cTengamos un criterio m\u00e1s amplio\u201d, sugiri\u00f3.<\/p>\n<p>\u201cSi (la Unidad Fiscal) llama a colaborar con ADN, tiene que ser una colaboraci\u00f3n amplia que abarque otros estamentos de la sociedad, no s\u00e9 si me entienden. Claro que me entienden, porque este es un rumor que est\u00e1 prendido hace mucho tiempo en la calle\u201d, dijo el abogado. Si bien fue cauto sobre otras hip\u00f3tesis, consider\u00f3 que \u201cvale la pena investigar y buscar otra ruta alternativa\u201d.<\/p>\n","protected":false},"excerpt":{"rendered":"<p>La defensa pone en duda la veracidad del hecho y la seriedad de la denuncia, aduciendo que lo ocurrido obedece a la negativa de la mujer de Vera por someterse a un ADN pedido por la nueva unidad fiscal en el marco de la investigaci\u00f3n por los cr\u00edmenes de las turistas francesas ese mismo a\u00f1o.<\/p>\n","protected":false},"author":2,"featured_media":657,"comment_status":"open","ping_status":"closed","sticky":false,"template":"","format":"standard","meta":{"footnotes":""},"categories":[6],"tags":[1424,45],"class_list":["post-14334","post","type-post","status-publish","format-standard","has-post-thumbnail","hentry","category-notas","tag-cassandre-bouvier-29-y-houria-moumni-24","tag-santos-clemente-vera"],"_links":{"self":[{"href":"https:\/\/muycritico.com.ar\/web\/index.php?rest_route=\/wp\/v2\/posts\/14334","targetHints":{"allow":["GET"]}}],"collection":[{"href":"https:\/\/muycritico.com.ar\/web\/index.php?rest_route=\/wp\/v2\/posts"}],"about":[{"href":"https:\/\/muycritico.com.ar\/web\/index.php?rest_route=\/wp\/v2\/types\/post"}],"author":[{"embeddable":true,"href":"https:\/\/muycritico.com.ar\/web\/index.php?rest_route=\/wp\/v2\/users\/2"}],"replies":[{"embeddable":true,"href":"https:\/\/muycritico.com.ar\/web\/index.php?rest_route=%2Fwp%2Fv2%2Fcomments&post=14334"}],"version-history":[{"count":3,"href":"https:\/\/muycritico.com.ar\/web\/index.php?rest_route=\/wp\/v2\/posts\/14334\/revisions"}],"predecessor-version":[{"id":14337,"href":"https:\/\/muycritico.com.ar\/web\/index.php?rest_route=\/wp\/v2\/posts\/14334\/revisions\/14337"}],"wp:featuredmedia":[{"embeddable":true,"href":"https:\/\/muycritico.com.ar\/web\/index.php?rest_route=\/wp\/v2\/media\/657"}],"wp:attachment":[{"href":"https:\/\/muycritico.com.ar\/web\/index.php?rest_route=%2Fwp%2Fv2%2Fmedia&parent=14334"}],"wp:term":[{"taxonomy":"category","embeddable":true,"href":"https:\/\/muycritico.com.ar\/web\/index.php?rest_route=%2Fwp%2Fv2%2Fcategories&post=14334"},{"taxonomy":"post_tag","embeddable":true,"href":"https:\/\/muycritico.com.ar\/web\/index.php?rest_route=%2Fwp%2Fv2%2Ftags&post=14334"}],"curies":[{"name":"wp","href":"https:\/\/api.w.org\/{rel}","templated":true}]}}