{"id":14280,"date":"2026-04-22T14:47:29","date_gmt":"2026-04-22T17:47:29","guid":{"rendered":"https:\/\/muycritico.com.ar\/web\/?p=14280"},"modified":"2026-04-22T14:47:53","modified_gmt":"2026-04-22T17:47:53","slug":"el-hijo-de-la-jubilada-declaro-que-adorni-le-debe-us-65-000-de-sus-gastos-y-que-fue-un-acuerdo-de-palabra","status":"publish","type":"post","link":"https:\/\/muycritico.com.ar\/web\/?p=14280","title":{"rendered":"EL HIJO DE LA JUBILADA DECLAR\u00d3 QUE ADORNI LE DEBE U$S 65.000 DE SUS GASTOS Y QUE FUE UN \u201cACUERDO DE PALABRA\u201d"},"content":{"rendered":"<p><strong>Se trata de Pablo Feijoo, el hijo de una de las jubiladas que financi\u00f3 con 100.000 d\u00f3lares la compra del departamento de Caballito al jefe de Gabinete. Feij\u00f3o brind\u00f3 detalles de la venta del inmueble ubicado en la calle Mir\u00f3 ante el fiscal Pollicita. Seg\u00fan explic\u00f3, ten\u00eda un acuerdo de palabra con el jefe de Gabinete para que le pagara un monto extra por fuera del valor de escrituraci\u00f3n.<\/strong><\/p>\n<p><!--more--><\/p>\n<p>Pablo Mart\u00edn Feijoo, hijo de una de las jubiladas que le vendi\u00f3 a Manuel Adorni el departamento de Caballito por el cual es investigado, declar\u00f3 durante m\u00e1s de dos horas esta ma\u00f1ana y asegur\u00f3 que el jefe de Gabinete hab\u00eda acordado de palabra pagarle otros 65 mil d\u00f3lares por fuera de la escritura del inmueble para sus gastos. Se trata de un testimonio clave que complica cada vez m\u00e1s al funcionario.<\/p>\n<p>El hombre fue quien particip\u00f3 de la operaci\u00f3n de venta del inmueble que deriv\u00f3 en un precio sustancialmente menor del que originalmente val\u00eda.<\/p>\n<p>Con su declaraci\u00f3n, el fiscal Gerardo Pollicita intenta desentra\u00f1ar las condiciones de la operaci\u00f3n inmobiliaria por las que es investigado el jefe de Gabinete y mano derecha del presidente Javier Milei.<\/p>\n<p>Seg\u00fan consigna PAGINA 12, Feijoo es hijo de Beatriz Viegas, una de las dos jubiladas vendedoras del departamento, y conoc\u00eda a Adorni porque sus hijos cursan en el mismo colegio. Se dice que ambos tienen una relaci\u00f3n de amistad y que ello habr\u00eda influido en la operaci\u00f3n de venta y en las sospechosas facilidades de pago otorgadas por las dos jubiladas.<\/p>\n<p>Otro dato que llama la atenci\u00f3n es que, seg\u00fan trascendidos de la investigaci\u00f3n, Feijoo ser\u00eda la persona que realiz\u00f3 la primera reserva del inmueble y visit\u00f3 Casa Rosada el 22 de octubre del 2025, semanas antes de que se escriture el departamento.<\/p>\n<p>Feijoo declar\u00f3 ante Pollicita que la adquisici\u00f3n del departamento de Mir\u00f3 al 500 fue \u201cuna inversi\u00f3n\u201d. Seg\u00fan dijo, inmueble estaba en mal estado y por eso procedi\u00f3 a refaccionarlo.<\/p>\n<p>El relato en su paso por Tribunales fue que Adorni le coment\u00f3 que deb\u00eda mudarse r\u00e1pidamente de su departamento de la avenida Asamblea y ah\u00ed surgi\u00f3 la posibilidad de comprar el departamento de Mir\u00f3.<\/p>\n<p>\u201cMe dijo que s\u00f3lo ten\u00eda 30.000 d\u00f3lares\u201d, relat\u00f3 Feijoo que le respondi\u00f3 Adorni cuando le comunic\u00f3 que el valor inicial de la propiedad era 300.000 d\u00f3lares. En sucesivas negociaciones fue que acordaron el pago de ese monto la hipoteca de su madre y la otra jubilada por 200.000 d\u00f3lares.<\/p>\n<p>Lo nuevo fue la revelaci\u00f3n de Feijoo sobre el pago adicional por sus gastos. \u201cLe informo a Adorni que mis gastos son por 65.000 d\u00f3lares. Fue un acuerdo de palabra\u201d, expuso Feijoo sobre lo convenido con el jefe de Gabinete.<\/p>\n<p>Lo que el fiscal intenta obtener con el testimonio de hoy son detalles sobre c\u00f3mo se gest\u00f3 el precio de venta (230 mil d\u00f3lares) y, principalmente, el inusual acuerdo de financiaci\u00f3n que permiti\u00f3 a Adorni saldar 200 mil d\u00f3lares mediante una hipoteca a un a\u00f1o sin intereses.<\/p>\n<p>Adem\u00e1s de Feijoo, la jornada incluye el testimonio del encargado del edificio de Caballito para constatar el estado del departamento al momento de la transacci\u00f3n.<\/p>\n<p>La Justicia ya traz\u00f3 la hoja de ruta para las pr\u00f3ximas semanas: el fiscal fij\u00f3 para el 6 de mayo la declaraci\u00f3n de Leandro Miano (vinculado a la otra propietaria), a quien se le exigi\u00f3 presentarse con su tel\u00e9fono celular y comprobantes de gastos de la vivienda.<\/p>\n<p>En tanto, la declaraci\u00f3n testimonial del contratista Mat\u00edas Tabar, quien realiz\u00f3 reformas en una propiedad del funcionario en el country Indio Cu\u00e1, fue postergada para el 4 de mayo tras un pedido de la defensa.<\/p>\n","protected":false},"excerpt":{"rendered":"<p>Se trata de Pablo Feijoo, el hijo de una de las jubiladas que financi\u00f3 con 100.000 d\u00f3lares la compra del departamento de Caballito al jefe de Gabinete. Feij\u00f3o brind\u00f3 detalles de la venta del inmueble ubicado en la calle Mir\u00f3 ante el fiscal Pollicita. Seg\u00fan explic\u00f3, ten\u00eda un acuerdo de palabra con el jefe de [&hellip;]<\/p>\n","protected":false},"author":2,"featured_media":14281,"comment_status":"open","ping_status":"closed","sticky":false,"template":"","format":"standard","meta":{"footnotes":""},"categories":[6],"tags":[171],"class_list":["post-14280","post","type-post","status-publish","format-standard","has-post-thumbnail","hentry","category-notas","tag-manuel-adorni"],"_links":{"self":[{"href":"https:\/\/muycritico.com.ar\/web\/index.php?rest_route=\/wp\/v2\/posts\/14280","targetHints":{"allow":["GET"]}}],"collection":[{"href":"https:\/\/muycritico.com.ar\/web\/index.php?rest_route=\/wp\/v2\/posts"}],"about":[{"href":"https:\/\/muycritico.com.ar\/web\/index.php?rest_route=\/wp\/v2\/types\/post"}],"author":[{"embeddable":true,"href":"https:\/\/muycritico.com.ar\/web\/index.php?rest_route=\/wp\/v2\/users\/2"}],"replies":[{"embeddable":true,"href":"https:\/\/muycritico.com.ar\/web\/index.php?rest_route=%2Fwp%2Fv2%2Fcomments&post=14280"}],"version-history":[{"count":1,"href":"https:\/\/muycritico.com.ar\/web\/index.php?rest_route=\/wp\/v2\/posts\/14280\/revisions"}],"predecessor-version":[{"id":14282,"href":"https:\/\/muycritico.com.ar\/web\/index.php?rest_route=\/wp\/v2\/posts\/14280\/revisions\/14282"}],"wp:featuredmedia":[{"embeddable":true,"href":"https:\/\/muycritico.com.ar\/web\/index.php?rest_route=\/wp\/v2\/media\/14281"}],"wp:attachment":[{"href":"https:\/\/muycritico.com.ar\/web\/index.php?rest_route=%2Fwp%2Fv2%2Fmedia&parent=14280"}],"wp:term":[{"taxonomy":"category","embeddable":true,"href":"https:\/\/muycritico.com.ar\/web\/index.php?rest_route=%2Fwp%2Fv2%2Fcategories&post=14280"},{"taxonomy":"post_tag","embeddable":true,"href":"https:\/\/muycritico.com.ar\/web\/index.php?rest_route=%2Fwp%2Fv2%2Ftags&post=14280"}],"curies":[{"name":"wp","href":"https:\/\/api.w.org\/{rel}","templated":true}]}}