{"id":14276,"date":"2026-04-22T14:33:57","date_gmt":"2026-04-22T17:33:57","guid":{"rendered":"https:\/\/muycritico.com.ar\/web\/?p=14276"},"modified":"2026-04-22T14:33:57","modified_gmt":"2026-04-22T17:33:57","slug":"la-gran-carrera-puso-primera-en-salta-con-45-autos-en-competencia","status":"publish","type":"post","link":"https:\/\/muycritico.com.ar\/web\/?p=14276","title":{"rendered":"LA GRAN CARRERA PUSO PRIMERA EN SALTA CON 45 AUTOS EN COMPETENCIA"},"content":{"rendered":"<p><strong>La edici\u00f3n 2026 del rally de regularidad inici\u00f3 su recorrido por el norte argentino con una destacada participaci\u00f3n de veh\u00edculos cl\u00e1sicos y deportivos. La caravana, que parti\u00f3 desde la capital salte\u00f1a, atravesar\u00e1 cinco provincias a lo largo de m\u00e1s de 1400 kil\u00f3metros.<\/strong><\/p>\n<p><!--more--><\/p>\n<p>Con la largada oficial realizada esta ma\u00f1ana, comenz\u00f3 una nueva edici\u00f3n de La Gran Carrera by Autiq Cars, una propuesta que fusiona competitividad, turismo y experiencias exclusivas. Un total de 45 autom\u00f3viles integran la columna que recorrer\u00e1 durante cinco d\u00edas algunos de los paisajes m\u00e1s emblem\u00e1ticos de la regi\u00f3n hasta alcanzar la meta en San Juan.<\/p>\n<p>El evento, que se desarrolla del 21 al 26 de abril, tuvo como epicentro inicial el hotel Alejandro I, sitio donde ayer se efectuaron las acreditaciones. Desde all\u00ed, los veh\u00edculos se trasladaron al aut\u00f3dromo local para las primeras pruebas de precisi\u00f3n, marcando el inicio de una traves\u00eda que incluye tramos por la m\u00edtica Ruta Nacional 40 y localidades de alto valor cultural.<\/p>\n<p>Entre las unidades participantes sobresalen piezas hist\u00f3ricas de la ingenier\u00eda automotriz, tales como un MG de 1938, un Mercedes-Benz 190 SL de 1954 y diversos modelos de Porsche de las d\u00e9cadas del 70 y 80, adem\u00e1s de ejemplares de Alfa Romeo y deportivos contempor\u00e1neos. Asimismo, el certamen cuenta con tripulaciones provenientes de Italia, Estados Unidos, Paraguay, Chile, y Uruguay, lo que consolida su prestigio dentro del calendario global de rallies de regularidad.<\/p>\n<p>Durante la etapa inaugural, los competidores completar\u00e1n cerca de 250 kil\u00f3metros entre Salta y Cafayate, con desaf\u00edos t\u00e9cnicos en Guachipas y la Finca El Recreo. La jornada incluye el paso por el Anfiteatro natural de la Quebrada de las Conchas, un almuerzo en la Bodega Lavaque y el tradicional Concurso de Elegancia, antes del arribo a la villa tur\u00edstica.<\/p>\n<p><img loading=\"lazy\" decoding=\"async\" class=\"aligncenter size-full wp-image-14278\" src=\"https:\/\/muycritico.com.ar\/web\/wp-content\/uploads\/2026\/04\/AUTO.jpg\" alt=\"\" width=\"1060\" height=\"595\" srcset=\"https:\/\/muycritico.com.ar\/web\/wp-content\/uploads\/2026\/04\/AUTO.jpg 1060w, https:\/\/muycritico.com.ar\/web\/wp-content\/uploads\/2026\/04\/AUTO-768x431.jpg 768w\" sizes=\"auto, (max-width: 1060px) 100vw, 1060px\" \/><\/p>\n<p>La ministra de Turismo y Deportes, Manuela Arancibia, destac\u00f3 la relevancia del evento para la provincia al se\u00f1alar que \u201cel hecho de que La Gran Carrera elija nuevamente a Salta como punto de partida reafirma su posicionamiento como destino internacional\u201d. Seg\u00fan la funcionaria, estas iniciativas permiten exhibir los paisajes locales y dinamizar la econom\u00eda de cada localidad integrada al trayecto.<\/p>\n<p>Por su parte, el organizador, Leo Boulin, subray\u00f3 que m\u00e1s que un rally, se trata de una experiencia dise\u00f1ada para disfrutar el camino, buscando que los participantes conecten con la cultura local y compartan su pasi\u00f3n en un entorno \u00fanico.<\/p>\n<p>Tras su paso por los valles calchaqu\u00edes, la caravana continuar\u00e1 este jueves hacia Catamarca y La Rioja, para finalizar la competencia el domingo 26 de abril en suelo sanjuanino. Todo el trayecto cuenta con un despliegue integral de seguridad y log\u00edstica para asistir permanentemente a los equipos participantes.<\/p>\n","protected":false},"excerpt":{"rendered":"<p>La edici\u00f3n 2026 del rally de regularidad inici\u00f3 su recorrido por el norte argentino con una destacada participaci\u00f3n de veh\u00edculos cl\u00e1sicos y deportivos. La caravana, que parti\u00f3 desde la capital salte\u00f1a, atravesar\u00e1 cinco provincias a lo largo de m\u00e1s de 1400 kil\u00f3metros.<\/p>\n","protected":false},"author":2,"featured_media":14277,"comment_status":"open","ping_status":"closed","sticky":false,"template":"","format":"standard","meta":{"footnotes":""},"categories":[11],"tags":[],"class_list":["post-14276","post","type-post","status-publish","format-standard","has-post-thumbnail","hentry","category-motor"],"_links":{"self":[{"href":"https:\/\/muycritico.com.ar\/web\/index.php?rest_route=\/wp\/v2\/posts\/14276","targetHints":{"allow":["GET"]}}],"collection":[{"href":"https:\/\/muycritico.com.ar\/web\/index.php?rest_route=\/wp\/v2\/posts"}],"about":[{"href":"https:\/\/muycritico.com.ar\/web\/index.php?rest_route=\/wp\/v2\/types\/post"}],"author":[{"embeddable":true,"href":"https:\/\/muycritico.com.ar\/web\/index.php?rest_route=\/wp\/v2\/users\/2"}],"replies":[{"embeddable":true,"href":"https:\/\/muycritico.com.ar\/web\/index.php?rest_route=%2Fwp%2Fv2%2Fcomments&post=14276"}],"version-history":[{"count":1,"href":"https:\/\/muycritico.com.ar\/web\/index.php?rest_route=\/wp\/v2\/posts\/14276\/revisions"}],"predecessor-version":[{"id":14279,"href":"https:\/\/muycritico.com.ar\/web\/index.php?rest_route=\/wp\/v2\/posts\/14276\/revisions\/14279"}],"wp:featuredmedia":[{"embeddable":true,"href":"https:\/\/muycritico.com.ar\/web\/index.php?rest_route=\/wp\/v2\/media\/14277"}],"wp:attachment":[{"href":"https:\/\/muycritico.com.ar\/web\/index.php?rest_route=%2Fwp%2Fv2%2Fmedia&parent=14276"}],"wp:term":[{"taxonomy":"category","embeddable":true,"href":"https:\/\/muycritico.com.ar\/web\/index.php?rest_route=%2Fwp%2Fv2%2Fcategories&post=14276"},{"taxonomy":"post_tag","embeddable":true,"href":"https:\/\/muycritico.com.ar\/web\/index.php?rest_route=%2Fwp%2Fv2%2Ftags&post=14276"}],"curies":[{"name":"wp","href":"https:\/\/api.w.org\/{rel}","templated":true}]}}