{"id":13836,"date":"2026-03-18T15:33:55","date_gmt":"2026-03-18T18:33:55","guid":{"rendered":"https:\/\/muycritico.com.ar\/web\/?p=13836"},"modified":"2026-03-18T15:34:12","modified_gmt":"2026-03-18T18:34:12","slug":"el-ente-y-legisladores-del-sur-avanzan-en-una-agenda-conjunta-por-los-servicios-publicos","status":"publish","type":"post","link":"https:\/\/muycritico.com.ar\/web\/?p=13836","title":{"rendered":"EL ENTE Y LEGISLADORES DEL SUR AVANZAN EN UNA AGENDA CONJUNTA POR LOS SERVICIOS P\u00daBLICOS"},"content":{"rendered":"<p><strong>El presidente del Ente Regulador de los Servicios P\u00fablicos, Carlos Saravia, encabez\u00f3 una reuni\u00f3n de trabajo con diputados del sur de la provincia de Salta en la sede central del organismo. El encuentro tuvo como eje el an\u00e1lisis de la situaci\u00f3n de los servicios de energ\u00eda el\u00e9ctrica y agua potable en la regi\u00f3n, junto con la construcci\u00f3n de una agenda com\u00fan orientada a generar respuestas para los usuarios.<\/strong><\/p>\n<p><!--more--><\/p>\n<p>La reuni\u00f3n, pautada la semana previa, surgi\u00f3 a partir de consultas realizadas por el diputado Juan Pablo Cuellar vinculadas al consumo de energ\u00eda el\u00e9ctrica en el departamento Anta y a la situaci\u00f3n tarifaria de los usuarios residenciales de la zona.<\/p>\n<p>Durante el encuentro con los representantes de los departamentos de Anta, La Candelaria, Met\u00e1n y Rosario de la Frontera; se comparti\u00f3 informaci\u00f3n actualizada sobre el estado de los servicios, se respondieron inquietudes de los legisladores y se pusieron en com\u00fan las principales problem\u00e1ticas relevadas en territorio. En ese marco, se acord\u00f3 avanzar en un esquema de trabajo colaborativo que permita articular acciones entre el \u00e1mbito parlamentario y el organismo de control, atendiendo a las particularidades del sur provincial.<\/p>\n<figure id=\"attachment_13838\" aria-describedby=\"caption-attachment-13838\" style=\"width: 590px\" class=\"wp-caption aligncenter\"><img loading=\"lazy\" decoding=\"async\" class=\"wp-image-13838 size-full\" src=\"https:\/\/muycritico.com.ar\/web\/wp-content\/uploads\/2026\/03\/DANTUR.jpg\" alt=\"\" width=\"590\" height=\"394\" \/><figcaption id=\"caption-attachment-13838\" class=\"wp-caption-text\">Gustavo Dantur &#8211; diputado provincial<\/figcaption><\/figure>\n<p>Como parte de las acciones a corto plazo, se destac\u00f3 la implementaci\u00f3n de una nueva etapa de #LaRutaDelEnte en la regi\u00f3n, con operativos territoriales que acercar\u00e1n asesoramiento, atenci\u00f3n directa y recepci\u00f3n de reclamos a los usuarios. El cronograma previsto es el siguiente:<\/p>\n<ul>\n<li>Las Lajitas: mi\u00e9rcoles 18 de marzo, de 09:00 a 13:00 horas. Centro Cultural General San Mart\u00edn.<\/li>\n<li>General Pizarro: mi\u00e9rcoles 18 de marzo, de 16:00 a 20:00 horas. Sal\u00f3n de Cultura.<\/li>\n<li>Apolinario Saravia: jueves 19 de marzo, de 09:00 a 13:00 horas. Sal\u00f3n de Cultura.<\/li>\n<li>El Quebrachal: jueves 19 de marzo, de 16:00 a 20:00 horas. Municipalidad de El Quebrachal.<\/li>\n<li>Joaqu\u00edn V. Gonz\u00e1lez: viernes 20 de marzo, de 09:00 a 13:00 horas. CIC de barrio San Antonio.<\/li>\n<\/ul>\n<p>Participaron del encuentro los diputados Juan Pablo Cuellar Garnica, Gustavo Bernardo Dantur, Rodrigo Javier Garc\u00eda, Marianela Marinaro Cha\u00edn, Francisco Gerardo Orellana y Manuel Norberto Paz. Por parte del Ente, estuvieron presentes el director Mariano San Mill\u00e1n y el secretario de Usuarios, Consumo y Abordaje Territorial, Pedro de los R\u00edos.<\/p>\n<figure id=\"attachment_13839\" aria-describedby=\"caption-attachment-13839\" style=\"width: 1439px\" class=\"wp-caption aligncenter\"><img loading=\"lazy\" decoding=\"async\" class=\"wp-image-13839 size-full\" src=\"https:\/\/muycritico.com.ar\/web\/wp-content\/uploads\/2026\/03\/1.jpg\" alt=\"\" width=\"1439\" height=\"960\" srcset=\"https:\/\/muycritico.com.ar\/web\/wp-content\/uploads\/2026\/03\/1.jpg 1439w, https:\/\/muycritico.com.ar\/web\/wp-content\/uploads\/2026\/03\/1-768x512.jpg 768w\" sizes=\"auto, (max-width: 1439px) 100vw, 1439px\" \/><figcaption id=\"caption-attachment-13839\" class=\"wp-caption-text\">Marianela Marinaro Cha\u00edn &#8211; diputada provincial<\/figcaption><\/figure>\n<p>El Ente Regulador reafirma as\u00ed su compromiso de trabajo conjunto con los distintos sectores, promoviendo espacios de di\u00e1logo que permitan avanzar en soluciones integrales para los usuarios de toda la provincia.<\/p>\n","protected":false},"excerpt":{"rendered":"<p>El presidente del Ente Regulador de los Servicios P\u00fablicos, Carlos Saravia, encabez\u00f3 una reuni\u00f3n de trabajo con diputados del sur de la provincia de Salta en la sede central del organismo. El encuentro tuvo como eje el an\u00e1lisis de la situaci\u00f3n de los servicios de energ\u00eda el\u00e9ctrica y agua potable en la regi\u00f3n, junto con [&hellip;]<\/p>\n","protected":false},"author":2,"featured_media":13837,"comment_status":"open","ping_status":"closed","sticky":false,"template":"","format":"standard","meta":{"footnotes":""},"categories":[6],"tags":[],"class_list":["post-13836","post","type-post","status-publish","format-standard","has-post-thumbnail","hentry","category-notas"],"_links":{"self":[{"href":"https:\/\/muycritico.com.ar\/web\/index.php?rest_route=\/wp\/v2\/posts\/13836","targetHints":{"allow":["GET"]}}],"collection":[{"href":"https:\/\/muycritico.com.ar\/web\/index.php?rest_route=\/wp\/v2\/posts"}],"about":[{"href":"https:\/\/muycritico.com.ar\/web\/index.php?rest_route=\/wp\/v2\/types\/post"}],"author":[{"embeddable":true,"href":"https:\/\/muycritico.com.ar\/web\/index.php?rest_route=\/wp\/v2\/users\/2"}],"replies":[{"embeddable":true,"href":"https:\/\/muycritico.com.ar\/web\/index.php?rest_route=%2Fwp%2Fv2%2Fcomments&post=13836"}],"version-history":[{"count":1,"href":"https:\/\/muycritico.com.ar\/web\/index.php?rest_route=\/wp\/v2\/posts\/13836\/revisions"}],"predecessor-version":[{"id":13840,"href":"https:\/\/muycritico.com.ar\/web\/index.php?rest_route=\/wp\/v2\/posts\/13836\/revisions\/13840"}],"wp:featuredmedia":[{"embeddable":true,"href":"https:\/\/muycritico.com.ar\/web\/index.php?rest_route=\/wp\/v2\/media\/13837"}],"wp:attachment":[{"href":"https:\/\/muycritico.com.ar\/web\/index.php?rest_route=%2Fwp%2Fv2%2Fmedia&parent=13836"}],"wp:term":[{"taxonomy":"category","embeddable":true,"href":"https:\/\/muycritico.com.ar\/web\/index.php?rest_route=%2Fwp%2Fv2%2Fcategories&post=13836"},{"taxonomy":"post_tag","embeddable":true,"href":"https:\/\/muycritico.com.ar\/web\/index.php?rest_route=%2Fwp%2Fv2%2Ftags&post=13836"}],"curies":[{"name":"wp","href":"https:\/\/api.w.org\/{rel}","templated":true}]}}