{"id":13829,"date":"2026-03-18T15:04:55","date_gmt":"2026-03-18T18:04:55","guid":{"rendered":"https:\/\/muycritico.com.ar\/web\/?p=13829"},"modified":"2026-03-18T15:04:55","modified_gmt":"2026-03-18T18:04:55","slug":"gustavo-saenz-le-respondio-a-cristina-kirchner-un-bano-de-humildad-le-vendria-bien","status":"publish","type":"post","link":"https:\/\/muycritico.com.ar\/web\/?p=13829","title":{"rendered":"GUSTAVO S\u00c1ENZ LE RESPONDI\u00d3 A CRISTINA KIRCHNER: \u201cUN BA\u00d1O DE HUMILDAD LE VENDR\u00cdA BIEN\u201d"},"content":{"rendered":"<p><strong>El gobernador de la provincia de Salta asegur\u00f3 que la exmandataria intenta ensuciarlo \u201ccon mentiras y difamaciones\u201d. &#8220;Hace poco, un exdiputado nacional de La C\u00e1mpora fue imputado por crear cuentas falsas para difamarme, escondido cobardemente en perfiles falsos. Hoy hace lo mismo en Comodoro Py&#8221;, record\u00f3 S\u00e1enz, trazando un paralelismo con el caso de Emiliano Estrada<\/strong><\/p>\n<p><!--more--><\/p>\n<p>Tras la pol\u00e9mica declaraci\u00f3n indagatoria de la expresidenta Cristina Kirchner en el marco de la causa Cuadernos, el gobernador de la provincia de Salta, Gustavo S\u00e1enz, sali\u00f3 a confrontar a la exmandataria luego de que esta lo vinculara a un presunto armado de la causa en la que se la acusa de ser jefa de una asociaci\u00f3n il\u00edcita.<\/p>\n<p>&#8220;Una vez m\u00e1s, la expresidenta intenta ensuciarme con mentiras y difamaciones&#8221;, asever\u00f3 el mandatario salte\u00f1o a trav\u00e9s de sus redes sociales y agreg\u00f3: &#8220;Hace poco, un exdiputado nacional de La C\u00e1mpora fue imputado por crear cuentas falsas para difamarme, escondido cobardemente en perfiles falsos. Hoy hace lo mismo en Comodoro Py&#8221;.<\/p>\n<p>Seg\u00fan detalla PERFIL, en su declaraci\u00f3n, CFK se refiri\u00f3 a S\u00e1enz sin nombrarlo, al hacer referencia a una publicaci\u00f3n del periodista Horacio Verbitsky en El Cohete a la Luna, de 2019, en la cual este denunciaba presuntas maniobras de extorsi\u00f3n vinculadas al falso abogado Marcelo D\u2019Alessio y el fiscal Carlos Stornelli, en las que el falso abogado habr\u00eda sido el &#8220;recaudador&#8221; de este \u00faltimo para el ahora gobernador.<\/p>\n<p>En su descargo, S\u00e1enz agreg\u00f3: &#8220;Voy a refrescarle la memoria a usted y a Mayra Mendoza, que en esa \u00e9poca era diputada nacional y seguramente se olvid\u00f3 o finge demencia porque le conviene. En este video, el juez Ramos Padilla habla sobre m\u00ed en la C\u00e1mara de Diputados de la Naci\u00f3n&#8221;.<\/p>\n<p>El gobernador salte\u00f1o acompa\u00f1\u00f3 su publicaci\u00f3n de un video en el que el juez federal de Dolores Alejo Ramos Padilla realiza una exposici\u00f3n en la Comisi\u00f3n de Libertad de Expresi\u00f3n en 2019, donde desvincula a S\u00e1enz de la causa y remarca que el funcionario, en aquel momento intendente de la ciudad de Salta, no hab\u00eda tenido participaci\u00f3n en los hechos investigados.<\/p>\n<p>\u201cEl intendente de Salta apareci\u00f3 en las publicaciones los primeros d\u00edas. Se present\u00f3 inmediatamente, acompa\u00f1\u00f3 su celular y se despej\u00f3 cualquier duda que hab\u00eda sobre \u00e9l. (&#8230;) Todos y cada una de las personas involucradas pueden hacer tambi\u00e9n, como hizo el intendente de Salta, y presentarse en el juzgado y hacer las aclaraciones pertinentes\u201d, indic\u00f3 Padilla en aquel momento.<\/p>\n<p>&#8220;Un ba\u00f1o de humildad le vendr\u00eda bien. No espero que pidan disculpas, pero s\u00ed que tenga la grandeza de dar un paso al costado del PJ. No puede ser el juguete de su hijo y sus amigos. Que la historia la juzgue&#8221;, concluy\u00f3 el gobernador salte\u00f1o en una dura cr\u00edtica a la expresidenta.<\/p>\n<p>En febrero de este a\u00f1o, S\u00e1enz ya hab\u00eda cuestionado a Cristina Kirchner por continuar manejando los hilos del Partido Justicialista (PJ) desde la prisi\u00f3n domiciliaria que se encuentra cumpliendo en San Jos\u00e9 1111, como consecuencia de la condena recibida por la causa Vialidad.<\/p>\n<p>&#8220;La pyme familiar de la Sra., su hijo y sus amigos sigue decidiendo a dedo, desde Buenos Aires, las autoridades partidarias del PJ en las provincias, a pesar de la verg\u00fcenza que dieron en las \u00faltimas elecciones. \u00bfPor qu\u00e9 no llama a elecciones libres y democr\u00e1ticas en Jujuy y en Salta? \u00bfPor qu\u00e9, Sra. Cristina decide a dedo qui\u00e9n va a conducir el PJ en estas provincias y no sus afiliados?&#8221;, cuestion\u00f3 previamente el funcionario.<\/p>\n<p>AS\/ff<\/p>\n","protected":false},"excerpt":{"rendered":"<p>El gobernador de la provincia de Salta asegur\u00f3 que la exmandataria intenta ensuciarlo \u201ccon mentiras y difamaciones\u201d. &#8220;Hace poco, un exdiputado nacional de La C\u00e1mpora fue imputado por crear cuentas falsas para difamarme, escondido cobardemente en perfiles falsos. Hoy hace lo mismo en Comodoro Py&#8221;, record\u00f3 S\u00e1enz, trazando un paralelismo con el caso de Emiliano [&hellip;]<\/p>\n","protected":false},"author":2,"featured_media":13830,"comment_status":"open","ping_status":"closed","sticky":false,"template":"","format":"standard","meta":{"footnotes":""},"categories":[6],"tags":[590,430],"class_list":["post-13829","post","type-post","status-publish","format-standard","has-post-thumbnail","hentry","category-notas","tag-cristina-kirchner","tag-gustavo-saenz"],"_links":{"self":[{"href":"https:\/\/muycritico.com.ar\/web\/index.php?rest_route=\/wp\/v2\/posts\/13829","targetHints":{"allow":["GET"]}}],"collection":[{"href":"https:\/\/muycritico.com.ar\/web\/index.php?rest_route=\/wp\/v2\/posts"}],"about":[{"href":"https:\/\/muycritico.com.ar\/web\/index.php?rest_route=\/wp\/v2\/types\/post"}],"author":[{"embeddable":true,"href":"https:\/\/muycritico.com.ar\/web\/index.php?rest_route=\/wp\/v2\/users\/2"}],"replies":[{"embeddable":true,"href":"https:\/\/muycritico.com.ar\/web\/index.php?rest_route=%2Fwp%2Fv2%2Fcomments&post=13829"}],"version-history":[{"count":1,"href":"https:\/\/muycritico.com.ar\/web\/index.php?rest_route=\/wp\/v2\/posts\/13829\/revisions"}],"predecessor-version":[{"id":13831,"href":"https:\/\/muycritico.com.ar\/web\/index.php?rest_route=\/wp\/v2\/posts\/13829\/revisions\/13831"}],"wp:featuredmedia":[{"embeddable":true,"href":"https:\/\/muycritico.com.ar\/web\/index.php?rest_route=\/wp\/v2\/media\/13830"}],"wp:attachment":[{"href":"https:\/\/muycritico.com.ar\/web\/index.php?rest_route=%2Fwp%2Fv2%2Fmedia&parent=13829"}],"wp:term":[{"taxonomy":"category","embeddable":true,"href":"https:\/\/muycritico.com.ar\/web\/index.php?rest_route=%2Fwp%2Fv2%2Fcategories&post=13829"},{"taxonomy":"post_tag","embeddable":true,"href":"https:\/\/muycritico.com.ar\/web\/index.php?rest_route=%2Fwp%2Fv2%2Ftags&post=13829"}],"curies":[{"name":"wp","href":"https:\/\/api.w.org\/{rel}","templated":true}]}}