{"id":13822,"date":"2026-03-17T19:16:15","date_gmt":"2026-03-17T22:16:15","guid":{"rendered":"https:\/\/muycritico.com.ar\/web\/?p=13822"},"modified":"2026-03-17T19:16:15","modified_gmt":"2026-03-17T22:16:15","slug":"plan-de-recuperacion-para-la-rn-16","status":"publish","type":"post","link":"https:\/\/muycritico.com.ar\/web\/?p=13822","title":{"rendered":"PLAN DE RECUPERACI\u00d3N PARA LA RN 16"},"content":{"rendered":"<p><strong>La Direcci\u00f3n Nacional de Vialidad informa que se encararon diferentes frentes de obra en la RN 16 para afrontar la problem\u00e1tica que se gener\u00f3 luego de la temporada extraordinaria de lluvias que afecto el sudeste salte\u00f1o.<\/strong><\/p>\n<p><!--more--><\/p>\n<p>Entre las obras, la que se realiza en el arroyo Matorras se destaca por su importancia ya que permite asegurar un sector de la zona de camino que se hab\u00eda visto comprometida por el socav\u00f3n que se hab\u00eda formado luego de la crecida. Aqu\u00ed los trabajadores viales apostados en el Campamento El Quebrachal reconstruyeron el talud con gaviones y trabajaron sobre el lecho para evitar futuros inconvenientes.<\/p>\n<p>Desde el 5\u00b0 Distrito adem\u00e1s informaron que las tareas se realizar\u00e1n a lo largo de la RN 16, tanto en los tramos que son atendidos por Vialidad Nacional como en aquellos que est\u00e1n en obras de repavimentaci\u00f3n\u00a0 ya que la mencionada ruta sufri\u00f3 los embates de las crecidas y las persistentes precipitaciones que se repitieron durante todo el verano (fundamentalmente en febrero y lo que va de marzo) en donde ya se duplic\u00f3 la media anual para la zona.<\/p>\n<p><img loading=\"lazy\" decoding=\"async\" class=\"aligncenter size-full wp-image-13824\" src=\"https:\/\/muycritico.com.ar\/web\/wp-content\/uploads\/2026\/03\/R16.jpg\" alt=\"\" width=\"1280\" height=\"960\" srcset=\"https:\/\/muycritico.com.ar\/web\/wp-content\/uploads\/2026\/03\/R16.jpg 1280w, https:\/\/muycritico.com.ar\/web\/wp-content\/uploads\/2026\/03\/R16-768x576.jpg 768w\" sizes=\"auto, (max-width: 1280px) 100vw, 1280px\" \/><\/p>\n<p>Los trabajadores viales adem\u00e1s encararon un plan de bacheos que buscar\u00e1 recuperar los est\u00e1ndares de transitabilidad, a la vez que trabajan en la zona de camino, pero fuera de la calzada. Esto quiere decir que a partir del mismo plan, se realizar\u00e1 la limpieza de los canales, alcantarillas y cunetas y se relevar\u00e1 el estado en el que quedaron luego de las crecidas, interviniendo en los que hiciera falta.<\/p>\n<p>Se solicita a los usuarios transitar con precauci\u00f3n y atender las se\u00f1ales provisorias de obra y respetar las indicaciones de los banderilleros.<\/p>\n","protected":false},"excerpt":{"rendered":"<p>La Direcci\u00f3n Nacional de Vialidad informa que se encararon diferentes frentes de obra en la RN 16 para afrontar la problem\u00e1tica que se gener\u00f3 luego de la temporada extraordinaria de lluvias que afecto el sudeste salte\u00f1o.<\/p>\n","protected":false},"author":2,"featured_media":13823,"comment_status":"open","ping_status":"closed","sticky":false,"template":"","format":"standard","meta":{"footnotes":""},"categories":[6],"tags":[],"class_list":["post-13822","post","type-post","status-publish","format-standard","has-post-thumbnail","hentry","category-notas"],"_links":{"self":[{"href":"https:\/\/muycritico.com.ar\/web\/index.php?rest_route=\/wp\/v2\/posts\/13822","targetHints":{"allow":["GET"]}}],"collection":[{"href":"https:\/\/muycritico.com.ar\/web\/index.php?rest_route=\/wp\/v2\/posts"}],"about":[{"href":"https:\/\/muycritico.com.ar\/web\/index.php?rest_route=\/wp\/v2\/types\/post"}],"author":[{"embeddable":true,"href":"https:\/\/muycritico.com.ar\/web\/index.php?rest_route=\/wp\/v2\/users\/2"}],"replies":[{"embeddable":true,"href":"https:\/\/muycritico.com.ar\/web\/index.php?rest_route=%2Fwp%2Fv2%2Fcomments&post=13822"}],"version-history":[{"count":1,"href":"https:\/\/muycritico.com.ar\/web\/index.php?rest_route=\/wp\/v2\/posts\/13822\/revisions"}],"predecessor-version":[{"id":13825,"href":"https:\/\/muycritico.com.ar\/web\/index.php?rest_route=\/wp\/v2\/posts\/13822\/revisions\/13825"}],"wp:featuredmedia":[{"embeddable":true,"href":"https:\/\/muycritico.com.ar\/web\/index.php?rest_route=\/wp\/v2\/media\/13823"}],"wp:attachment":[{"href":"https:\/\/muycritico.com.ar\/web\/index.php?rest_route=%2Fwp%2Fv2%2Fmedia&parent=13822"}],"wp:term":[{"taxonomy":"category","embeddable":true,"href":"https:\/\/muycritico.com.ar\/web\/index.php?rest_route=%2Fwp%2Fv2%2Fcategories&post=13822"},{"taxonomy":"post_tag","embeddable":true,"href":"https:\/\/muycritico.com.ar\/web\/index.php?rest_route=%2Fwp%2Fv2%2Ftags&post=13822"}],"curies":[{"name":"wp","href":"https:\/\/api.w.org\/{rel}","templated":true}]}}