{"id":13818,"date":"2026-03-17T17:05:22","date_gmt":"2026-03-17T20:05:22","guid":{"rendered":"https:\/\/muycritico.com.ar\/web\/?p=13818"},"modified":"2026-03-17T17:05:22","modified_gmt":"2026-03-17T20:05:22","slug":"un-espacio-de-cuidado-y-oportunidades-saenz-inauguro-el-nuevo-centro-de-primera-infancia-en-campo-quijano","status":"publish","type":"post","link":"https:\/\/muycritico.com.ar\/web\/?p=13818","title":{"rendered":"UN ESPACIO DE CUIDADO Y OPORTUNIDADES: S\u00c1ENZ INAUGUR\u00d3 EL NUEVO CENTRO DE PRIMERA INFANCIA EN CAMPO QUIJANO"},"content":{"rendered":"<p><strong>Con el flamante edificio, ubicado en barrio San Jorge de Campo Quijano, la capacidad de atenci\u00f3n se eleva de 30 a 75 ni\u00f1os de 6 meses a 4 a\u00f1os ampliando la capacidad de atenci\u00f3n en m\u00e1s del 50%. La Provincia tiene 91 Centros donde se brinda una atenci\u00f3n integral y multidisciplinaria a los peque\u00f1os y sus familias.<\/strong><\/p>\n<p><!--more--><\/p>\n<p>El gobernador Gustavo S\u00e1enz inaugur\u00f3 un nuevo Centro de Primera Infancia (CPI) en el barrio San Jorge de Campo Quijano. Con esta apertura, la provincia suma m\u00e1s de 90 centros operativos, consolidando una red de contenci\u00f3n que asiste a ni\u00f1os desde los 6 meses hasta los 4 a\u00f1os, distribuidos federalmente.<\/p>\n<p>\u201cQuedan por inaugurar 8 m\u00e1s y todos tienen un criterio de distribuci\u00f3n bien federal; queremos que est\u00e9n en todos y cada uno de los municipios. Todos tienen que tener las mismas oportunidades. Eso que peleo en Buenos Aires, que miren ese norte olvidado, yo en Salta lo practico\u201d, se\u00f1al\u00f3 el mandatario.<\/p>\n<p>El Gobernador enfatiz\u00f3 que la gesti\u00f3n provincial prioriza la inversi\u00f3n social en un contexto econ\u00f3mico complejo.<\/p>\n<p>En este sentido, subray\u00f3 que \u201ccon el equilibrio fiscal no se come, no se consigue trabajo, ni se brinda salud. Hay que acompa\u00f1ar a ese equilibrio fiscal con el equilibrio humano, porque lo m\u00e1s importante que debemos tener en nuestras cabezas y corazones es al ser humano por sobre todas las cosas&#8221;.<\/p>\n<p>Destac\u00f3 que el acompa\u00f1amiento a la primera infancia es una pol\u00edtica p\u00fablica: &#8220;Esto es una caricia al alma y para aquellos que gobernamos: que los ni\u00f1os tengan un lugar donde estar seguros, cuidados y bien alimentados. Los padres necesitan esa tranquilidad para salir a buscar trabajo, para progresar o estudiar. Esto no puede considerarse nunca un gasto, es una gran inversi\u00f3n. Invertir en ellos es darles la posibilidad de que crezcan sanos para tener las mismas oportunidades que los chicos en otros lugares del pa\u00eds&#8221;.<\/p>\n<p>Por \u00faltimo, destac\u00f3 en un contexto dif\u00edcil, es importante priorizar y abordar aquellas con impacto social directo. &#8220;En estos momentos dif\u00edciles, hay que tener un gran coraz\u00f3n para priorizar. Menos cemento, m\u00e1s coraz\u00f3n. Con lo que tenemos y un gran sacrificio, estamos terminando y cumpliendo con las prioridades. Hechos, no palabras&#8221;, concluy\u00f3.<\/p>\n<p>Por su parte el intendente anfitri\u00f3n Lino Yonar destac\u00f3 el trabajo articulado con la provincia y destac\u00f3 la mirada compartida que posibilita que \u201choy sea un d\u00eda de celebraci\u00f3n. Est\u00e1bamos trabajando esto con mucho esfuerzo. Era una idea, un sue\u00f1o de que nuestro Centro de Primera Infancia pueda tener su lugar, pueda tener la infraestructura necesaria para brindar un mejor servicio en esta pol\u00edtica p\u00fablica que viene desde el gobierno provincial y que desde el municipio de hecho nos hacemos eco y acompa\u00f1amos\u201d.<\/p>\n<p>En tanto, la secretaria de Primera Infancia, Ni\u00f1ez y Familia, Carina Iradi resalt\u00f3 que con inversiones en la primera infancia \u201cestamos haciendo una sociedad m\u00e1s justa, equitativa y m\u00e1s sana\u201d.<\/p>\n<p><img loading=\"lazy\" decoding=\"async\" class=\"aligncenter size-full wp-image-13820\" src=\"https:\/\/muycritico.com.ar\/web\/wp-content\/uploads\/2026\/03\/PRIMERA-INFANCIA.jpg\" alt=\"\" width=\"1061\" height=\"567\" srcset=\"https:\/\/muycritico.com.ar\/web\/wp-content\/uploads\/2026\/03\/PRIMERA-INFANCIA.jpg 1061w, https:\/\/muycritico.com.ar\/web\/wp-content\/uploads\/2026\/03\/PRIMERA-INFANCIA-768x410.jpg 768w\" sizes=\"auto, (max-width: 1061px) 100vw, 1061px\" \/><\/p>\n<p><strong>El nuevo CPI<\/strong><\/p>\n<p>Con el nuevo Centro, se ampl\u00eda la capacidad de atenci\u00f3n de 30 a 75 ni\u00f1os, elevando el cupo en m\u00e1s del 50% y reduciendo las brechas de cobertura en la zona.<\/p>\n<p>El espacio cuenta con un equipo de trabajo conformado por un coordinador, responsable de la gesti\u00f3n integral del centro en sus dimensiones familiar, comunitaria, pedag\u00f3gica y administrativa, junto a cuidadoras infantiles con formaci\u00f3n espec\u00edfica en primera infancia, quienes acompa\u00f1an diariamente el desarrollo de los chicos que asisten.<\/p>\n<p>La puesta en funcionamiento de este centro responde a la necesidad de las familias de contar con un espacio seguro de cuidado durante sus jornadas laborales, as\u00ed como tambi\u00e9n de brindar un entorno de socializaci\u00f3n, contenci\u00f3n y desarrollo integral.<\/p>\n<p>El edificio posee 4 salas: maternal y salas para los ni\u00f1os de dos, tres y cuatro a\u00f1os. Posee tres patios adaptados para los peque\u00f1os, as\u00ed como un Sal\u00f3n de Usos M\u00faltiples (SUM) y cocina.<\/p>\n<p>Acompa\u00f1aron la ceremonia, el vicegobernador Antonio Marocco; el ministro de Desarrollo Social Mario Mimessi; la coordinadora general del Ministerio de Desarrollo Social, Dolores Montarc\u00e9; legisladores, otras autoridades, familias y comunidad de Quijano.<\/p>\n<p><strong>Los CPI<\/strong><\/p>\n<p>Los Centros de Primera Infancia cumplen una funci\u00f3n clave dentro de las pol\u00edticas p\u00fablicas, brindando atenci\u00f3n integral a chicos de entre 6 meses y 4 a\u00f1os que se encuentran en situaci\u00f3n de vulnerabilidad de sus derechos.<\/p>\n<p>A trav\u00e9s de estos espacios se promueven acciones de estimulaci\u00f3n temprana, atenci\u00f3n pedag\u00f3gica, alimentaci\u00f3n saludable, recreaci\u00f3n, detecci\u00f3n temprana de problem\u00e1ticas, acompa\u00f1amiento psicoterap\u00e9utico-social y fortalecimiento familiar.<\/p>\n<p>Actualmente, la provincia de Salta cuenta con un total de 91 Centros de Primera Infancia, de los cuales 12 se encuentran en Salta Capital, 41 en el interior provincial y 38 son gestionados en conjunto con organizaciones de la sociedad civil.<\/p>\n","protected":false},"excerpt":{"rendered":"<p>Con el flamante edificio, ubicado en barrio San Jorge de Campo Quijano, la capacidad de atenci\u00f3n se eleva de 30 a 75 ni\u00f1os de 6 meses a 4 a\u00f1os ampliando la capacidad de atenci\u00f3n en m\u00e1s del 50%. La Provincia tiene 91 Centros donde se brinda una atenci\u00f3n integral y multidisciplinaria a los peque\u00f1os y [&hellip;]<\/p>\n","protected":false},"author":2,"featured_media":13819,"comment_status":"open","ping_status":"closed","sticky":false,"template":"","format":"standard","meta":{"footnotes":""},"categories":[6],"tags":[],"class_list":["post-13818","post","type-post","status-publish","format-standard","has-post-thumbnail","hentry","category-notas"],"_links":{"self":[{"href":"https:\/\/muycritico.com.ar\/web\/index.php?rest_route=\/wp\/v2\/posts\/13818","targetHints":{"allow":["GET"]}}],"collection":[{"href":"https:\/\/muycritico.com.ar\/web\/index.php?rest_route=\/wp\/v2\/posts"}],"about":[{"href":"https:\/\/muycritico.com.ar\/web\/index.php?rest_route=\/wp\/v2\/types\/post"}],"author":[{"embeddable":true,"href":"https:\/\/muycritico.com.ar\/web\/index.php?rest_route=\/wp\/v2\/users\/2"}],"replies":[{"embeddable":true,"href":"https:\/\/muycritico.com.ar\/web\/index.php?rest_route=%2Fwp%2Fv2%2Fcomments&post=13818"}],"version-history":[{"count":1,"href":"https:\/\/muycritico.com.ar\/web\/index.php?rest_route=\/wp\/v2\/posts\/13818\/revisions"}],"predecessor-version":[{"id":13821,"href":"https:\/\/muycritico.com.ar\/web\/index.php?rest_route=\/wp\/v2\/posts\/13818\/revisions\/13821"}],"wp:featuredmedia":[{"embeddable":true,"href":"https:\/\/muycritico.com.ar\/web\/index.php?rest_route=\/wp\/v2\/media\/13819"}],"wp:attachment":[{"href":"https:\/\/muycritico.com.ar\/web\/index.php?rest_route=%2Fwp%2Fv2%2Fmedia&parent=13818"}],"wp:term":[{"taxonomy":"category","embeddable":true,"href":"https:\/\/muycritico.com.ar\/web\/index.php?rest_route=%2Fwp%2Fv2%2Fcategories&post=13818"},{"taxonomy":"post_tag","embeddable":true,"href":"https:\/\/muycritico.com.ar\/web\/index.php?rest_route=%2Fwp%2Fv2%2Ftags&post=13818"}],"curies":[{"name":"wp","href":"https:\/\/api.w.org\/{rel}","templated":true}]}}