{"id":13812,"date":"2026-03-17T13:49:35","date_gmt":"2026-03-17T16:49:35","guid":{"rendered":"https:\/\/muycritico.com.ar\/web\/?p=13812"},"modified":"2026-03-17T13:51:27","modified_gmt":"2026-03-17T16:51:27","slug":"tehran-times-argentina-se-ha-presentado-como-enemiga-cruzo-una-linea-roja-imperdonable","status":"publish","type":"post","link":"https:\/\/muycritico.com.ar\/web\/?p=13812","title":{"rendered":"TEHRAN TIMES: \u201cARGENTINA SE HA PRESENTADO COMO ENEMIGA, CRUZ\u00d3 UNA L\u00cdNEA ROJA IMPERDONABLE\u201d"},"content":{"rendered":"<p><strong>El diario iran\u00ed asegura que Milei cruz\u00f3 \u201cuna l\u00ednea roja imperdonable\u201d. Por medio de una editorial, el diario oficialista Tehran Times acusa al presidente Javier Milei de haber cruzado \u201cuna l\u00ednea roja imperdonable\u201d al unirse al proyecto de \u201ciranofobia\u201d del eje EEUU-Israel. Al tiempo que, afirma que esto obliga a las autoridades iran\u00edes a dise\u00f1ar \u201cuna respuesta proporcionada a esta enemistad\u201d ante el posicionamiento geopol\u00edtico del ultraderechista.<\/strong><\/p>\n<p><!--more--><\/p>\n<p>Seg\u00fan detalla PAGINA 12, este documento tiene lugar luego de que Milei asegurara p\u00fablicamente que \u201cno me cae bien Ir\u00e1n\u201d. \u201cNos han metido dos bombas, una en la AMIA y otra en la Embajada de Israel. Por lo tanto, digamos, son nuestros enemigos. Pero adem\u00e1s tengo una alianza estrat\u00e9gica con Estados Unidos e Israel\u201d, sostuvo el libertario.<\/p>\n<p>Atento a esto, la editorial de Tehran Times asegura que \u201cconsiderando estos hechos, Ir\u00e1n no puede permanecer indiferente ante las posiciones hostiles del actual gobierno argentino. La Rep\u00fablica Isl\u00e1mica de Ir\u00e1n, manteniendo al mismo tiempo una vigilancia total contra estos complots, debe dise\u00f1ar una respuesta proporcionada a esta enemistad&#8221;.<\/p>\n<p>\u201cLa mano de los enemigos de Ir\u00e1n est\u00e1 manchada con la sangre de personas inocentes de nuestro pa\u00eds, incluyendo a m\u00e1s de 160 estudiantes de la escuela de Minab. Ahora, Argentina se ha presentado oficialmente como enemiga de Ir\u00e1n y se ha alineado con Estados Unidos y el r\u00e9gimen sionista en la agresi\u00f3n militar contra nuestra naci\u00f3n. Esta es una l\u00ednea roja imperdonable que ha sido cruzada&#8221;, se lee en la publicaci\u00f3n.<\/p>\n<p>El texto agrega que \u201cla Rep\u00fablica Isl\u00e1mica de Ir\u00e1n nunca ha considerado al pueblo o al gobierno de Argentina como su enemigo, pero parece que Milei, con este enfoque y cruzando la l\u00ednea roja de la seguridad nacional de Ir\u00e1n, busca sacrificar los intereses y la conveniencia nacional en el altar de Estados Unidos y el r\u00e9gimen de apartheid israel\u00ed\u201d.<\/p>\n<p><img loading=\"lazy\" decoding=\"async\" class=\"aligncenter size-full wp-image-13814\" src=\"https:\/\/muycritico.com.ar\/web\/wp-content\/uploads\/2026\/03\/TEHERAN-TIMES-.jpg\" alt=\"\" width=\"542\" height=\"747\" \/><\/p>\n<p>En esa l\u00ednea, la publicaci\u00f3n acusa que Argentina se ha convertido en \u201cel Israel de Am\u00e9rica Latina\u201d, asegurando que grupos que trabajan con el gobierno israel\u00ed tendr\u00edan una importante influencia en los centros de decisi\u00f3n del pa\u00eds, mencionando incluso que algunas empresas argentinas estar\u00edan \u201cvinculadas a c\u00edrculos sionistas que participar\u00edan en operaciones de espionaje o apoyo log\u00edstico contra Ir\u00e1n\u201d.<\/p>\n<p>\u201cJavier Milei ha convertido a Argentina en un lugar donde los grupos de presi\u00f3n y los elementos cercanos al r\u00e9gimen sionista tienen una profunda influencia en los centros de decisi\u00f3n. Esta influencia ha transformado a Argentina en una base para dise\u00f1ar y ejecutar complots contra Ir\u00e1n\u201d, subrayaron.<\/p>\n<p>La editorial expresa que los complots de los que acusa no son meras conjeturas, sino que \u201cexiste m\u00faltiple evidencia del papel activo de empresas argentinas en este proyecto. Empresas cuyos accionistas y directivos tienen claros v\u00ednculos y asociaciones con c\u00edrculos sionistas y son proveedores financieros y log\u00edsticos para el r\u00e9gimen sionista en diversas agresiones, incluyendo la agresi\u00f3n militar de 12 d\u00edas y la agresi\u00f3n reciente&#8221;.<\/p>\n<p>Se\u00f1ala, asimismo, que la actividad de algunas de estas empresas argentinas cerca de las fronteras de Ir\u00e1n \u201cbajo la cobertura de la exportaci\u00f3n e importaci\u00f3n de bienes y servicios, han preparado el terreno para actividades de seguridad y espionaje contra la Rep\u00fablica Isl\u00e1mica de Ir\u00e1n. Utilizando una fachada comercial, se dedican al monitoreo y la transferencia de informaci\u00f3n, formando un eslab\u00f3n en la cadena de amenazas contra la seguridad nacional de Ir\u00e1n\u201d.<\/p>\n","protected":false},"excerpt":{"rendered":"<p>El diario iran\u00ed asegura que Milei cruz\u00f3 \u201cuna l\u00ednea roja imperdonable\u201d. Por medio de una editorial, el diario oficialista Tehran Times acusa al presidente Javier Milei de haber cruzado \u201cuna l\u00ednea roja imperdonable\u201d al unirse al proyecto de \u201ciranofobia\u201d del eje EEUU-Israel. Al tiempo que, afirma que esto obliga a las autoridades iran\u00edes a dise\u00f1ar [&hellip;]<\/p>\n","protected":false},"author":2,"featured_media":13816,"comment_status":"open","ping_status":"closed","sticky":false,"template":"","format":"standard","meta":{"footnotes":""},"categories":[6],"tags":[20,1400],"class_list":["post-13812","post","type-post","status-publish","format-standard","has-post-thumbnail","hentry","category-notas","tag-javier-milei","tag-tehran-times"],"_links":{"self":[{"href":"https:\/\/muycritico.com.ar\/web\/index.php?rest_route=\/wp\/v2\/posts\/13812","targetHints":{"allow":["GET"]}}],"collection":[{"href":"https:\/\/muycritico.com.ar\/web\/index.php?rest_route=\/wp\/v2\/posts"}],"about":[{"href":"https:\/\/muycritico.com.ar\/web\/index.php?rest_route=\/wp\/v2\/types\/post"}],"author":[{"embeddable":true,"href":"https:\/\/muycritico.com.ar\/web\/index.php?rest_route=\/wp\/v2\/users\/2"}],"replies":[{"embeddable":true,"href":"https:\/\/muycritico.com.ar\/web\/index.php?rest_route=%2Fwp%2Fv2%2Fcomments&post=13812"}],"version-history":[{"count":1,"href":"https:\/\/muycritico.com.ar\/web\/index.php?rest_route=\/wp\/v2\/posts\/13812\/revisions"}],"predecessor-version":[{"id":13815,"href":"https:\/\/muycritico.com.ar\/web\/index.php?rest_route=\/wp\/v2\/posts\/13812\/revisions\/13815"}],"wp:featuredmedia":[{"embeddable":true,"href":"https:\/\/muycritico.com.ar\/web\/index.php?rest_route=\/wp\/v2\/media\/13816"}],"wp:attachment":[{"href":"https:\/\/muycritico.com.ar\/web\/index.php?rest_route=%2Fwp%2Fv2%2Fmedia&parent=13812"}],"wp:term":[{"taxonomy":"category","embeddable":true,"href":"https:\/\/muycritico.com.ar\/web\/index.php?rest_route=%2Fwp%2Fv2%2Fcategories&post=13812"},{"taxonomy":"post_tag","embeddable":true,"href":"https:\/\/muycritico.com.ar\/web\/index.php?rest_route=%2Fwp%2Fv2%2Ftags&post=13812"}],"curies":[{"name":"wp","href":"https:\/\/api.w.org\/{rel}","templated":true}]}}