{"id":13810,"date":"2026-03-17T13:06:18","date_gmt":"2026-03-17T16:06:18","guid":{"rendered":"https:\/\/muycritico.com.ar\/web\/?p=13810"},"modified":"2026-03-17T13:06:18","modified_gmt":"2026-03-17T16:06:18","slug":"el-conductor-de-la-tragedia-en-avenida-paraguay-va-a-juicio","status":"publish","type":"post","link":"https:\/\/muycritico.com.ar\/web\/?p=13810","title":{"rendered":"EL CONDUCTOR DE LA TRAGEDIA EN AVENIDA PARAGUAY VA A JUICIO"},"content":{"rendered":"<p><strong>Del 13 al 30 de abril de este a\u00f1o se realizar\u00e1 la audiencia de debate en la causa seguida contra un hombre imputado por los delitos de homicidio simple (5 hechos), lesiones graves (2 hechos) y lesiones leves (4 hechos) en concurso ideal, en calidad de autor. El juicio ser\u00e1 presidido por la jueza Gabriela Romero Nayar.<\/strong><\/p>\n<p><!--more--><\/p>\n<p>El siniestro por el cual ser\u00e1 juzgado el imputado ocurri\u00f3 durante la madrugada del 17 de marzo del a\u00f1o pasado en avenida Paraguay. El sujeto conduc\u00eda un autom\u00f3vil que circulaba de sur a norte y fue protagonista de un accidente de tr\u00e1nsito. Como consecuencia, cinco personas perdieron la vida y otras seis resultaron con lesiones de diferente gravedad.<\/p>\n<p>Seg\u00fan surgi\u00f3 de la investigaci\u00f3n, el acusado conduc\u00eda alcoholizado y a alta velocidad, lo que ocasion\u00f3 que perdiera el control del veh\u00edculo y colisionara a peatones que sal\u00edan de locales bailables de la zona.<\/p>\n","protected":false},"excerpt":{"rendered":"<p>Del 13 al 30 de abril de este a\u00f1o se realizar\u00e1 la audiencia de debate en la causa seguida contra un hombre imputado por los delitos de homicidio simple (5 hechos), lesiones graves (2 hechos) y lesiones leves (4 hechos) en concurso ideal, en calidad de autor. El juicio ser\u00e1 presidido por la jueza Gabriela [&hellip;]<\/p>\n","protected":false},"author":2,"featured_media":5601,"comment_status":"open","ping_status":"closed","sticky":false,"template":"","format":"standard","meta":{"footnotes":""},"categories":[6],"tags":[],"class_list":["post-13810","post","type-post","status-publish","format-standard","has-post-thumbnail","hentry","category-notas"],"_links":{"self":[{"href":"https:\/\/muycritico.com.ar\/web\/index.php?rest_route=\/wp\/v2\/posts\/13810","targetHints":{"allow":["GET"]}}],"collection":[{"href":"https:\/\/muycritico.com.ar\/web\/index.php?rest_route=\/wp\/v2\/posts"}],"about":[{"href":"https:\/\/muycritico.com.ar\/web\/index.php?rest_route=\/wp\/v2\/types\/post"}],"author":[{"embeddable":true,"href":"https:\/\/muycritico.com.ar\/web\/index.php?rest_route=\/wp\/v2\/users\/2"}],"replies":[{"embeddable":true,"href":"https:\/\/muycritico.com.ar\/web\/index.php?rest_route=%2Fwp%2Fv2%2Fcomments&post=13810"}],"version-history":[{"count":1,"href":"https:\/\/muycritico.com.ar\/web\/index.php?rest_route=\/wp\/v2\/posts\/13810\/revisions"}],"predecessor-version":[{"id":13811,"href":"https:\/\/muycritico.com.ar\/web\/index.php?rest_route=\/wp\/v2\/posts\/13810\/revisions\/13811"}],"wp:featuredmedia":[{"embeddable":true,"href":"https:\/\/muycritico.com.ar\/web\/index.php?rest_route=\/wp\/v2\/media\/5601"}],"wp:attachment":[{"href":"https:\/\/muycritico.com.ar\/web\/index.php?rest_route=%2Fwp%2Fv2%2Fmedia&parent=13810"}],"wp:term":[{"taxonomy":"category","embeddable":true,"href":"https:\/\/muycritico.com.ar\/web\/index.php?rest_route=%2Fwp%2Fv2%2Fcategories&post=13810"},{"taxonomy":"post_tag","embeddable":true,"href":"https:\/\/muycritico.com.ar\/web\/index.php?rest_route=%2Fwp%2Fv2%2Ftags&post=13810"}],"curies":[{"name":"wp","href":"https:\/\/api.w.org\/{rel}","templated":true}]}}