{"id":13804,"date":"2026-03-17T11:02:21","date_gmt":"2026-03-17T14:02:21","guid":{"rendered":"https:\/\/muycritico.com.ar\/web\/?p=13804"},"modified":"2026-03-17T12:57:25","modified_gmt":"2026-03-17T15:57:25","slug":"13804","status":"publish","type":"post","link":"https:\/\/muycritico.com.ar\/web\/?p=13804","title":{"rendered":"CRISTINA DENUNCI\u00d3 \u201cPR\u00c1CTICAS MAFIOSAS\u201d Y ATAC\u00d3 AL FISCAL Y A LOS JUECES EN LA CAUSA CUADERNOS"},"content":{"rendered":"<p><strong>La expresidenta calific\u00f3 el caso como \u201cun disparate\u201d y dijo que \u201cse construyeron las pruebas\u201d; apunt\u00f3 contra Stornelli y Bonadio; no quiso responder preguntas. Foto: Marcos Brindicci \/ LA NACION<\/strong><\/p>\n<p><!--more--><\/p>\n<p>Lleg\u00f3 el d\u00eda, la ex mandataria debi\u00f3 salir de San Jos\u00e9 1111 para declarar en persona. Una pormenorizada cr\u00f3nica de LA NACION, relata que la expresidenta Cristina Kirchner, presa en su casa cumpliendo una condena de 6 a\u00f1os por corrupci\u00f3n en la causa Vialidad, declar\u00f3 hoy durante casi una hora en la causa de los cuadernos de las coimas en los tribunales de Comodoro Py 2002. Previo al comienzo de su alocuci\u00f3n, debi\u00f3 responder un interrogatorio del juez Enrique M\u00e9ndez Signori sobre datos personales que evidenciaron la tensi\u00f3n con el tribunal.<\/p>\n<p>\u201cEs una causa de persecuci\u00f3n pol\u00edtica\u201d, arranc\u00f3 Cristina Kirchner su defensa. \u201cEstoy injustamente detenida\u201d, se\u00f1al\u00f3, haciendo referencia a la condena que cumple por el caso Vialidad. \u201cEn el caso de los cuadernos hay un estad\u00edo superior: hay pr\u00e1cticas mafiosas de jueces y fiscales\u201d, cuestion\u00f3 el proceso por el que es juzgada.<\/p>\n<p>\u201cHubo una oleada de detenciones para apretar a empresarios para que declaren en contra de Cristina. Pr\u00e1cticas mafiosas\u201d, denunci\u00f3 la expresidenta. Adem\u00e1s, critic\u00f3 el accionar y \u201cel manejo delictivo y criminal\u201d que tuvieron el juez Claudio Bonadio y el fiscal Carlos Stornelli del caso, puntualmente sobre la interpretaci\u00f3n de la denominada ley del arrepentido. \u201cConstruyeron las pruebas, hubo forum shopping y apretaron y amenazaron a los empresarios para que digan cualquier cosa\u201d, plante\u00f3 Cristina Kirchner.<\/p>\n<p>\u201cEl armado y la instrucci\u00f3n que tuvo a trav\u00e9s de Bonadio y Stornelli se dio entre 2016 y 2019\u2033, precis\u00f3 la expresidenta, vestida de traje negro y camisa blanca, y pelo arreglado. Argument\u00f3 su defensa en el caso del falso abogado Marcelo D\u00b4Alessio, condenado por asociaci\u00f3n il\u00edcita, espionaje ilegal y extorsi\u00f3n y que tuvo presuntos v\u00ednculos con el fiscal Stornelli.<\/p>\n<p>\u201cPor esta causa me dieron vuelta las casas. \u00bfD\u00f3nde est\u00e1 la plata? C\u00f3mo, cu\u00e1ndo y d\u00f3nde fueron todos los episodios que dicen. \u00bfQu\u00e9 es eso de que se robaron un PBI? \u00bfSaben c\u00f3mo vivo, c\u00f3mo viven mis hijos?\u201c, dijo Cristina Kirchner sobre las acusaciones de haber recibido sobornos.<\/p>\n<p>\u201cVialidad es un poroto al lado de esto. Esta causa fue perge\u00f1ada. Alguien puede pensar que hay un Poder Judicial respetable. Cuando veo lo que dicen y se sigue adelante con el juicio, veo que la sentencia ya est\u00e1 escrita\u201d, dijo sobre el caso de los cuadernos de las coimas. Y traz\u00f3 paralelismos entre lo que fue el proceso de Vialidad con el de los cuadernos. \u201cAhora me dicen que tengo que ir presa porque soy socia de los empresarios a los que ped\u00ed que se los investigue. Hay algo que no cierra, hay algo podrido. Adem\u00e1s, cuando el 1\u00b0 de marzo, en la Asamblea Legislativa, el presidente de la Rep\u00fablica anuncia que voy a seguir presa por la causa cuadernos y el memor\u00e1ndum con Ir\u00e1n. M\u00e1s violatorio de la Constituci\u00f3n Nacional no hay&#8221;, plante\u00f3 Cristina Kirchner sobre el mensaje de Javier Milei ante el Congreso.<\/p>\n<figure id=\"attachment_13805\" aria-describedby=\"caption-attachment-13805\" style=\"width: 766px\" class=\"wp-caption aligncenter\"><img loading=\"lazy\" decoding=\"async\" class=\"wp-image-13805 size-full\" src=\"https:\/\/muycritico.com.ar\/web\/wp-content\/uploads\/2026\/03\/CRISTINA2.jpg\" alt=\"\" width=\"766\" height=\"510\" \/><figcaption id=\"caption-attachment-13805\" class=\"wp-caption-text\">Foto: Marcos Brindicci<\/figcaption><\/figure>\n<p>En el tramo m\u00e1s pol\u00edtica de su exposici\u00f3n, Cristina Kirchner hizo una defensa de la obra p\u00fablica como mecanismo para reactivar la econom\u00eda y dinamizar la industria nacional. \u201cNo estoy diciendo impunidad de la obra p\u00fablica: investiguen\u201d, dijo. Y a\u00f1adi\u00f3: \u201cMe parece que es una gran disparate esta causa. Me gustar\u00eda que me digan c\u00f3mo fue, c\u00f3mo me pagaron. No voy a hablar de la adulteraci\u00f3n de los cuadernos. Eso se va a demostrar. Realmente es posible esta instrucci\u00f3n y est\u00e1 acusaci\u00f3n que llevaron adelante Bonadio y Stornelli\u201d, dijo Cristina.<\/p>\n<p>La exmandataria no contestar\u00e1 preguntas de los jueces, los fiscales y los defensores de los acusados tras su exposici\u00f3n. \u201cVoy a declarar cuando alguna vez ustedes citen a Stornelli, o cuando citen a Mauricio Macri por los parques e\u00f3licos, [una causa] que duereme el sue\u00f1o de los justos. No hay una sola causa por la deuda con el Fondo Monetario Internacional. El d\u00eda que llamen al Toto Caputo voy a contestar preguntas. Mientras tanto, no voy a formar parte de este circo\u201d, cerr\u00f3 su defensa, que dur\u00f3 50 minutos.<\/p>\n<figure id=\"attachment_13807\" aria-describedby=\"caption-attachment-13807\" style=\"width: 719px\" class=\"wp-caption aligncenter\"><img loading=\"lazy\" decoding=\"async\" class=\"wp-image-13807 size-full\" src=\"https:\/\/muycritico.com.ar\/web\/wp-content\/uploads\/2026\/03\/devido.jpg\" alt=\"\" width=\"719\" height=\"481\" \/><figcaption id=\"caption-attachment-13807\" class=\"wp-caption-text\">Julio De Vido, en la misma que sala en la que ez juzgada Cristina Kirchner. Foto: Ricardo Pristupluk<\/figcaption><\/figure>\n<p><strong>No se salud\u00f3 con De Vido<\/strong><\/p>\n<p>Cristina Kirchner sali\u00f3 a las 8.41 de su casa de San Jos\u00e9 1111 hasta Retiro trasladada en un autom\u00f3vil con su custodia, vigilada por su tobillera electr\u00f3nica que controla sus movimientos. Unos 15 minutos despu\u00e9s ya estaba ubicada en la sala junto con su abogado a la espera del comienzo del juicio. A unas sillas de distancia estaba Julio de Vido, exministro de su gesti\u00f3n y tambi\u00e9n en el banquillo de los acusados. No se saludaron.<\/p>\n<p>Esta es la segunda vez que Cristina Kirchner sali\u00f3 de su casa desde que fue detenida el 17 de junio de 2025 en su vivienda. La primera fue cuando debi\u00f3 ser internada de urgencia para ser operada por una peritonitis el 20 de diciembre pasado. Permaneci\u00f3 en la cl\u00ednica hasta entrado enero.<\/p>\n<p>La seguridad en el exterior del edificio es responsabilidad de la Polic\u00eda de la Ciudad; en el interior, es de la C\u00e1mara de Casaci\u00f3n Federal.<\/p>\n<p>Cristina Kirchner fue citada por los jueces del Tribunal Oral Federal 7. Inaugurar\u00e1 la ronda de declaraciones de los 20 exfuncionarios que intervinieron supuestamente en la recaudaci\u00f3n ilegal, dos exchoferes y 65 empresarios acusados de haber pagado esos sobornos.<\/p>\n<p>Todos deber\u00e1n -a su turno- estar sentados en Comodoro Py 2002, en la sala Auditorium, de la planta baja que tiene espacio para 200 personas y un pullman especial, tipo teatro, para que la prensa siga la audiencia. Es la primera audiencia presencial de este juicio que arranc\u00f3 en noviembre y siempre se hizo por Zoom.<\/p>\n<p>Adem\u00e1s, Cristina Kirchner est\u00e1 acusada de ser la jefa de una asociaci\u00f3n il\u00edcita y de recibir sobornos.<\/p>\n","protected":false},"excerpt":{"rendered":"<p>La expresidenta calific\u00f3 el caso como \u201cun disparate\u201d y dijo que \u201cse construyeron las pruebas\u201d; apunt\u00f3 contra Stornelli y Bonadio; no quiso responder preguntas. Foto: Marcos Brindicci \/ LA NACION<\/p>\n","protected":false},"author":2,"featured_media":13806,"comment_status":"open","ping_status":"closed","sticky":false,"template":"","format":"standard","meta":{"footnotes":""},"categories":[6],"tags":[578],"class_list":["post-13804","post","type-post","status-publish","format-standard","has-post-thumbnail","hentry","category-notas","tag-cristina-elisabet-fernandez-de-kirchner"],"_links":{"self":[{"href":"https:\/\/muycritico.com.ar\/web\/index.php?rest_route=\/wp\/v2\/posts\/13804","targetHints":{"allow":["GET"]}}],"collection":[{"href":"https:\/\/muycritico.com.ar\/web\/index.php?rest_route=\/wp\/v2\/posts"}],"about":[{"href":"https:\/\/muycritico.com.ar\/web\/index.php?rest_route=\/wp\/v2\/types\/post"}],"author":[{"embeddable":true,"href":"https:\/\/muycritico.com.ar\/web\/index.php?rest_route=\/wp\/v2\/users\/2"}],"replies":[{"embeddable":true,"href":"https:\/\/muycritico.com.ar\/web\/index.php?rest_route=%2Fwp%2Fv2%2Fcomments&post=13804"}],"version-history":[{"count":2,"href":"https:\/\/muycritico.com.ar\/web\/index.php?rest_route=\/wp\/v2\/posts\/13804\/revisions"}],"predecessor-version":[{"id":13809,"href":"https:\/\/muycritico.com.ar\/web\/index.php?rest_route=\/wp\/v2\/posts\/13804\/revisions\/13809"}],"wp:featuredmedia":[{"embeddable":true,"href":"https:\/\/muycritico.com.ar\/web\/index.php?rest_route=\/wp\/v2\/media\/13806"}],"wp:attachment":[{"href":"https:\/\/muycritico.com.ar\/web\/index.php?rest_route=%2Fwp%2Fv2%2Fmedia&parent=13804"}],"wp:term":[{"taxonomy":"category","embeddable":true,"href":"https:\/\/muycritico.com.ar\/web\/index.php?rest_route=%2Fwp%2Fv2%2Fcategories&post=13804"},{"taxonomy":"post_tag","embeddable":true,"href":"https:\/\/muycritico.com.ar\/web\/index.php?rest_route=%2Fwp%2Fv2%2Ftags&post=13804"}],"curies":[{"name":"wp","href":"https:\/\/api.w.org\/{rel}","templated":true}]}}