{"id":13799,"date":"2026-03-17T09:00:35","date_gmt":"2026-03-17T12:00:35","guid":{"rendered":"https:\/\/muycritico.com.ar\/web\/?p=13799"},"modified":"2026-03-17T15:33:58","modified_gmt":"2026-03-17T18:33:58","slug":"barrio-san-calixto-otra-vez-la-tragedia-de-un-femicidio-seguido-de-suicidio","status":"publish","type":"post","link":"https:\/\/muycritico.com.ar\/web\/?p=13799","title":{"rendered":"BARRIO SAN CALIXTO: OTRA VEZ LA TRAGEDIA DE UN FEMICIDIO SEGUIDO DE SUICIDIO"},"content":{"rendered":"<p><strong>El hecho ocurri\u00f3 este lunes en la zona sur de la ciudad de Salta. Una mujer de 41 a\u00f1os fue hallada con signos de violencia en el interior de su vivienda y su pareja fue encontrada sin vida en el mismo lugar. La Fiscal\u00eda dispuso numerosas medidas para esclarecer lo sucedido.<\/strong><\/p>\n<p><!--more--><\/p>\n<p>Otra relaci\u00f3n de pareja que termina de la peor manera, con un femicidio seguido de suicidio. Es lo que est\u00e1 investigando la fiscal penal Mar\u00eda Luj\u00e1n Sodero Calvet, quien dirige la investigaci\u00f3n por la muerte violenta de la victima de 41 a\u00f1os, de nombre Vanesa Guadalupe Garc\u00eda.<\/p>\n<p>Aparentemente la mujer habr\u00eda sido atacada por un hombre con el que manten\u00eda una relaci\u00f3n de pareja, el cual posteriormente se habr\u00eda quitado la vida.<\/p>\n<p>Tras el reporte del hecho, el fiscal penal 1 de la Unidad de Graves Atentados contra las Personas en turno, Santiago L\u00f3pez Soto, dispuso el cumplimiento de las medidas de rigor en el lugar, con la intervenci\u00f3n de personal de Criminal\u00edstica del Cuerpo de Investigaciones Fiscales y de la Unidad de Investigaci\u00f3n UGAP.<\/p>\n<p>Los cuerpos de la mujer y de quien fuera su pareja, sindicado como principal sospechoso, fueron trasladados al Servicio de Tanatolog\u00eda Forense del CIF para la realizaci\u00f3n de las correspondientes autopsias.<\/p>\n<p>La fiscal Sodero Calvet indic\u00f3 que se trabaj\u00f3 en el lugar con la presencia de la Fiscal\u00eda y que contin\u00faan en desarrollo todas las diligencias investigativas tendientes a esclarecer las circunstancias en las que ocurrieron los hechos.<\/p>\n<p><strong>Otros casos similares, la misma pesadilla<\/strong><\/p>\n<p>Ocurri\u00f3 en junio de 2023, cuando se conoci\u00f3 la luctuosa noticia de que una joven madre de nombre <strong>Cyntia Guaymas<\/strong>, de 34 a\u00f1os fue asesinada por un chofer de colectivo de 32 a\u00f1os con quien tienen hijos en com\u00fan. La tragedia ocurri\u00f3 en una vivienda de la zona Oeste de la ciudad de Salta, donde ambos fueron encontrados sin vida y con signos evidentes de violencia.<\/p>\n<p>Tambi\u00e9n est\u00e1 el caso de <strong>Roc\u00edo Gonz\u00e1lez <\/strong>de 26 a\u00f1os, asesinada por su pareja en agosto de 2021, en un barrio de la zona Suroeste de la ciudad de Salta.<\/p>\n<p>Manten\u00eda un v\u00ednculo de casi 3 a\u00f1os. El d\u00eda del hecho tuvieron una discusi\u00f3n y de manera violenta \u00e9l comenz\u00f3 a propinarle golpes de pu\u00f1o hasta matarla. \u201cLos gritos se escuchaban y nadie de la familia la ayud\u00f3\u201d, denunci\u00f3 un testigo.<\/p>\n","protected":false},"excerpt":{"rendered":"<p>El hecho ocurri\u00f3 este lunes en la zona sur de la ciudad de Salta. Una mujer de 41 a\u00f1os fue hallada con signos de violencia en el interior de su vivienda y su pareja fue encontrada sin vida en el mismo lugar. La Fiscal\u00eda dispuso numerosas medidas para esclarecer lo sucedido.<\/p>\n","protected":false},"author":2,"featured_media":13800,"comment_status":"open","ping_status":"closed","sticky":false,"template":"","format":"standard","meta":{"footnotes":""},"categories":[6],"tags":[],"class_list":["post-13799","post","type-post","status-publish","format-standard","has-post-thumbnail","hentry","category-notas"],"_links":{"self":[{"href":"https:\/\/muycritico.com.ar\/web\/index.php?rest_route=\/wp\/v2\/posts\/13799","targetHints":{"allow":["GET"]}}],"collection":[{"href":"https:\/\/muycritico.com.ar\/web\/index.php?rest_route=\/wp\/v2\/posts"}],"about":[{"href":"https:\/\/muycritico.com.ar\/web\/index.php?rest_route=\/wp\/v2\/types\/post"}],"author":[{"embeddable":true,"href":"https:\/\/muycritico.com.ar\/web\/index.php?rest_route=\/wp\/v2\/users\/2"}],"replies":[{"embeddable":true,"href":"https:\/\/muycritico.com.ar\/web\/index.php?rest_route=%2Fwp%2Fv2%2Fcomments&post=13799"}],"version-history":[{"count":4,"href":"https:\/\/muycritico.com.ar\/web\/index.php?rest_route=\/wp\/v2\/posts\/13799\/revisions"}],"predecessor-version":[{"id":13817,"href":"https:\/\/muycritico.com.ar\/web\/index.php?rest_route=\/wp\/v2\/posts\/13799\/revisions\/13817"}],"wp:featuredmedia":[{"embeddable":true,"href":"https:\/\/muycritico.com.ar\/web\/index.php?rest_route=\/wp\/v2\/media\/13800"}],"wp:attachment":[{"href":"https:\/\/muycritico.com.ar\/web\/index.php?rest_route=%2Fwp%2Fv2%2Fmedia&parent=13799"}],"wp:term":[{"taxonomy":"category","embeddable":true,"href":"https:\/\/muycritico.com.ar\/web\/index.php?rest_route=%2Fwp%2Fv2%2Fcategories&post=13799"},{"taxonomy":"post_tag","embeddable":true,"href":"https:\/\/muycritico.com.ar\/web\/index.php?rest_route=%2Fwp%2Fv2%2Ftags&post=13799"}],"curies":[{"name":"wp","href":"https:\/\/api.w.org\/{rel}","templated":true}]}}