{"id":13788,"date":"2026-03-16T18:54:30","date_gmt":"2026-03-16T21:54:30","guid":{"rendered":"https:\/\/muycritico.com.ar\/web\/?p=13788"},"modified":"2026-03-16T18:54:30","modified_gmt":"2026-03-16T21:54:30","slug":"cachi-se-verifico-la-instalacion-de-grupos-electrogenos","status":"publish","type":"post","link":"https:\/\/muycritico.com.ar\/web\/?p=13788","title":{"rendered":"CACHI: SE VERIFIC\u00d3 LA INSTALACI\u00d3N DE GRUPOS ELECTR\u00d3GENOS"},"content":{"rendered":"<p><strong>El secretario de Usuarios, Consumo y Abordaje Territorial del Ente Regulador de los Servicios P\u00fablicos, Pedro de los R\u00edos, verific\u00f3 esta ma\u00f1ana la instalaci\u00f3n de dos grupos electr\u00f3genos de resguardo en la localidad de Cachi, destinados a fortalecer la continuidad del servicio el\u00e9ctrico en la zona.<\/strong><\/p>\n<p><!--more--><\/p>\n<p>La medida se enmarca en las acciones dispuestas tras un corte de energ\u00eda que se extendi\u00f3 durante aproximadamente 24 horas en el mes de febrero. Ante esa situaci\u00f3n, el Ente Regulador orden\u00f3 a la empresa prestataria EDESA la implementaci\u00f3n de medidas precautorias, entre ellas la instalaci\u00f3n de equipos de respaldo que permitan preservar la prestaci\u00f3n del servicio ante eventuales contingencias.<\/p>\n<p><img loading=\"lazy\" decoding=\"async\" class=\"aligncenter size-full wp-image-13790\" src=\"https:\/\/muycritico.com.ar\/web\/wp-content\/uploads\/2026\/03\/CACHI-ENTE2.jpg\" alt=\"\" width=\"1439\" height=\"960\" srcset=\"https:\/\/muycritico.com.ar\/web\/wp-content\/uploads\/2026\/03\/CACHI-ENTE2.jpg 1439w, https:\/\/muycritico.com.ar\/web\/wp-content\/uploads\/2026\/03\/CACHI-ENTE2-768x512.jpg 768w\" sizes=\"auto, (max-width: 1439px) 100vw, 1439px\" \/><\/p>\n<p>La instalaci\u00f3n de estos grupos electr\u00f3genos responde adem\u00e1s a gestiones impulsadas por el intendente de Cachi, Am\u00e9rico Liendro, junto a legisladores del departamento, quienes trasladaron la preocupaci\u00f3n de la comunidad ante los inconvenientes registrados en el suministro el\u00e9ctrico.<\/p>\n<p>Desde el organismo se indic\u00f3 que estas verificaciones forman parte de las tareas de control que se realizan de manera permanente para garantizar el cumplimiento de las disposiciones regulatorias y resguardar la calidad del servicio que reciben los usuarios.<\/p>\n<p><iframe loading=\"lazy\" style=\"border: none; overflow: hidden;\" src=\"https:\/\/www.facebook.com\/plugins\/video.php?height=476&amp;href=https%3A%2F%2Fwww.facebook.com%2Freel%2F1888967595070609%2F&amp;show_text=true&amp;width=476&amp;t=0\" width=\"476\" height=\"591\" frameborder=\"0\" scrolling=\"no\" allowfullscreen=\"allowfullscreen\"><\/iframe><\/p>\n","protected":false},"excerpt":{"rendered":"<p>El secretario de Usuarios, Consumo y Abordaje Territorial del Ente Regulador de los Servicios P\u00fablicos, Pedro de los R\u00edos, verific\u00f3 esta ma\u00f1ana la instalaci\u00f3n de dos grupos electr\u00f3genos de resguardo en la localidad de Cachi, destinados a fortalecer la continuidad del servicio el\u00e9ctrico en la zona.<\/p>\n","protected":false},"author":2,"featured_media":13789,"comment_status":"open","ping_status":"closed","sticky":false,"template":"","format":"standard","meta":{"footnotes":""},"categories":[6],"tags":[],"class_list":["post-13788","post","type-post","status-publish","format-standard","has-post-thumbnail","hentry","category-notas"],"_links":{"self":[{"href":"https:\/\/muycritico.com.ar\/web\/index.php?rest_route=\/wp\/v2\/posts\/13788","targetHints":{"allow":["GET"]}}],"collection":[{"href":"https:\/\/muycritico.com.ar\/web\/index.php?rest_route=\/wp\/v2\/posts"}],"about":[{"href":"https:\/\/muycritico.com.ar\/web\/index.php?rest_route=\/wp\/v2\/types\/post"}],"author":[{"embeddable":true,"href":"https:\/\/muycritico.com.ar\/web\/index.php?rest_route=\/wp\/v2\/users\/2"}],"replies":[{"embeddable":true,"href":"https:\/\/muycritico.com.ar\/web\/index.php?rest_route=%2Fwp%2Fv2%2Fcomments&post=13788"}],"version-history":[{"count":1,"href":"https:\/\/muycritico.com.ar\/web\/index.php?rest_route=\/wp\/v2\/posts\/13788\/revisions"}],"predecessor-version":[{"id":13791,"href":"https:\/\/muycritico.com.ar\/web\/index.php?rest_route=\/wp\/v2\/posts\/13788\/revisions\/13791"}],"wp:featuredmedia":[{"embeddable":true,"href":"https:\/\/muycritico.com.ar\/web\/index.php?rest_route=\/wp\/v2\/media\/13789"}],"wp:attachment":[{"href":"https:\/\/muycritico.com.ar\/web\/index.php?rest_route=%2Fwp%2Fv2%2Fmedia&parent=13788"}],"wp:term":[{"taxonomy":"category","embeddable":true,"href":"https:\/\/muycritico.com.ar\/web\/index.php?rest_route=%2Fwp%2Fv2%2Fcategories&post=13788"},{"taxonomy":"post_tag","embeddable":true,"href":"https:\/\/muycritico.com.ar\/web\/index.php?rest_route=%2Fwp%2Fv2%2Ftags&post=13788"}],"curies":[{"name":"wp","href":"https:\/\/api.w.org\/{rel}","templated":true}]}}