{"id":13771,"date":"2026-03-16T17:36:45","date_gmt":"2026-03-16T20:36:45","guid":{"rendered":"https:\/\/muycritico.com.ar\/web\/?p=13771"},"modified":"2026-03-16T17:36:53","modified_gmt":"2026-03-16T20:36:53","slug":"trabajo-provincial-con-municipios-afectados-por-las-lluvias","status":"publish","type":"post","link":"https:\/\/muycritico.com.ar\/web\/?p=13771","title":{"rendered":"TRABAJO PROVINCIAL CON MUNICIPIOS AFECTADOS POR LAS LLUVIAS"},"content":{"rendered":"<p><strong>En Colonia Santa Rosa y en El Quebrachal se realizan acciones en concordancia con los municipios. Se dispusieron maquinarias para los trabajos.<\/strong><\/p>\n<p><!--more--><\/p>\n<p>El Gobierno de la Provincia trabaja con la Municipalidad de Colonia Santa Rosa en la limpieza de canales y alcantarillas tras el temporal registrado en la localidad. La Secretar\u00eda de Obras P\u00fablicas y la Direcci\u00f3n de Vialidad de Salta coordinan los trabajos con funcionarios municipales en diferentes sectores de la localidad.<\/p>\n<p>El secretario de Obras P\u00fablicas, Hugo de la Fuente, indic\u00f3 que para realizar las tareas de desobstrucci\u00f3n y despeje se utilizan veh\u00edculos del Consorcio de Pavimentaci\u00f3n del Norte, como as\u00ed tambi\u00e9n maquinarias de la Subsecretar\u00eda de Recursos H\u00eddricos y de Vialidad de Salta.<\/p>\n<p>\u201cLa Provincia asiste a los salte\u00f1os y municipios afectados por las lluvias inusuales por la cantidad de precipitaciones registradas\u201d, indic\u00f3, al mencionar la labor coordinada por el Comit\u00e9 de Emergencia Clim\u00e1tica especialmente en el norte provincial.<\/p>\n<p>En El Quebrachal, en tanto, se recorri\u00f3 la zona afectada por el desborde del r\u00edo Juramento y se realiz\u00f3 un monitoreo de la situaci\u00f3n. El subsecretario de Recursos H\u00eddricos, Mauricio Romero, destac\u00f3 el trabajo con la Municipalidad, productores y el consorcio de riego, partes con las que se planificar\u00e1n tareas.<\/p>\n<p>El funcionario trabaj\u00f3 en el lugar con el intendente Rolando Rojas, oportunidad en la que destac\u00f3 la articulaci\u00f3n p\u00fablica \u2013 privada. Indic\u00f3, adem\u00e1s, que la atenci\u00f3n tambi\u00e9n est\u00e1 puesta en el dique El Tunal y que el monitoreo de su situaci\u00f3n es permanente.<\/p>\n","protected":false},"excerpt":{"rendered":"<p>En Colonia Santa Rosa y en El Quebrachal se realizan acciones en concordancia con los municipios. Se dispusieron maquinarias para los trabajos.<\/p>\n","protected":false},"author":2,"featured_media":13772,"comment_status":"open","ping_status":"closed","sticky":false,"template":"","format":"standard","meta":{"footnotes":""},"categories":[6],"tags":[],"class_list":["post-13771","post","type-post","status-publish","format-standard","has-post-thumbnail","hentry","category-notas"],"_links":{"self":[{"href":"https:\/\/muycritico.com.ar\/web\/index.php?rest_route=\/wp\/v2\/posts\/13771","targetHints":{"allow":["GET"]}}],"collection":[{"href":"https:\/\/muycritico.com.ar\/web\/index.php?rest_route=\/wp\/v2\/posts"}],"about":[{"href":"https:\/\/muycritico.com.ar\/web\/index.php?rest_route=\/wp\/v2\/types\/post"}],"author":[{"embeddable":true,"href":"https:\/\/muycritico.com.ar\/web\/index.php?rest_route=\/wp\/v2\/users\/2"}],"replies":[{"embeddable":true,"href":"https:\/\/muycritico.com.ar\/web\/index.php?rest_route=%2Fwp%2Fv2%2Fcomments&post=13771"}],"version-history":[{"count":1,"href":"https:\/\/muycritico.com.ar\/web\/index.php?rest_route=\/wp\/v2\/posts\/13771\/revisions"}],"predecessor-version":[{"id":13773,"href":"https:\/\/muycritico.com.ar\/web\/index.php?rest_route=\/wp\/v2\/posts\/13771\/revisions\/13773"}],"wp:featuredmedia":[{"embeddable":true,"href":"https:\/\/muycritico.com.ar\/web\/index.php?rest_route=\/wp\/v2\/media\/13772"}],"wp:attachment":[{"href":"https:\/\/muycritico.com.ar\/web\/index.php?rest_route=%2Fwp%2Fv2%2Fmedia&parent=13771"}],"wp:term":[{"taxonomy":"category","embeddable":true,"href":"https:\/\/muycritico.com.ar\/web\/index.php?rest_route=%2Fwp%2Fv2%2Fcategories&post=13771"},{"taxonomy":"post_tag","embeddable":true,"href":"https:\/\/muycritico.com.ar\/web\/index.php?rest_route=%2Fwp%2Fv2%2Ftags&post=13771"}],"curies":[{"name":"wp","href":"https:\/\/api.w.org\/{rel}","templated":true}]}}