{"id":13766,"date":"2026-03-16T16:50:59","date_gmt":"2026-03-16T19:50:59","guid":{"rendered":"https:\/\/muycritico.com.ar\/web\/?p=13766"},"modified":"2026-03-16T17:05:59","modified_gmt":"2026-03-16T20:05:59","slug":"milei-vs-clarin-son-la-mafia-mediatica","status":"publish","type":"post","link":"https:\/\/muycritico.com.ar\/web\/?p=13766","title":{"rendered":"MILEI VS CLAR\u00cdN: \u201cSON LA MAFIA MEDI\u00c1TICA\u201d"},"content":{"rendered":"<p><strong>Es por la tapa del caso Libra. Milei se sac\u00f3 porque el diario llev\u00f3 en tapa la aparici\u00f3n de un documento que afirma que cobr\u00f3 USD 5 millones para promocionar la cripto.<\/strong><\/p>\n<p><!--more--><\/p>\n<p>Javier Milei se sac\u00f3 con la dura tapa del diario Clar\u00edn de este domingo que llev\u00f3 como t\u00edtulo principal la aparici\u00f3n de un documento extra\u00eddo del celular de Mauricio Novelli que detalla un acuerdo con el presidente y su hermana para que a cambio de cinco millones de d\u00f3lares promocionen la cripto $Libra.<\/p>\n<p>El enojo Milei por la publicaci\u00f3n de los avances en el caso $Libra se suma al fastidio que caus\u00f3 el esc\u00e1ndalo de Manuel Adorni por los viajes con su esposa a Nueva York, que llevaron a Karina Milei a tildar de &#8220;basura&#8221; al periodismo.<\/p>\n<p>El portal LA POLITICA ONLINE detalla que este domingo la furia presidencial se enfoc\u00f3 en Clar\u00edn, a quien calific\u00f3 de &#8220;Mafia Period\u00edstica&#8221;, retomando una caracterizaci\u00f3n que durante el kirchnerista utilizaba el conductor V\u00edctor Hugo Morales.<\/p>\n<p>Milei se subi\u00f3 a un posteo de la diputada Juliana Santill\u00e1n quien public\u00f3 un largo hilo en X acusando a Clar\u00edn de lanzar &#8220;una ofensiva coordinada&#8221; contra el Gobierno. &#8220;El Grupo Clar\u00edn ha pasado de la distancia cr\u00edtica a una campa\u00f1a sucia a cielo abierto, y los motivos son tan b\u00e1sicos como hist\u00f3ricos: pauta y poder&#8221;, afirm\u00f3 la marplatense.<\/p>\n<blockquote class=\"twitter-tweet\">\n<p dir=\"ltr\" lang=\"es\">LA MAFIA MEDI\u00c1TICA.<br \/>\nFin. <a href=\"https:\/\/t.co\/pJueW1hHlp\">https:\/\/t.co\/pJueW1hHlp<\/a><\/p>\n<p>\u2014 Javier Milei (@JMilei) <a href=\"https:\/\/twitter.com\/JMilei\/status\/2033223386428502442?ref_src=twsrc%5Etfw\">March 15, 2026<\/a><\/p><\/blockquote>\n<p><script async src=\"https:\/\/platform.twitter.com\/widgets.js\" charset=\"utf-8\"><\/script><\/p>\n<p>Santill\u00e1n interpret\u00f3 que esa supuesta ofensiva responde a un &#8220;apriete por las Telecomunicaciones&#8221;<\/p>\n<p>&#8220;El trasfondo real es la guerra por el control del mercado digital. Ante la negativa del Gobierno de ceder ante privilegios monop\u00f3licos (como el caso Telef\u00f3nica\/Telecom), el &#8220;Gran Diario Argentino&#8221;(ponele), responde con tapas dise\u00f1adas para golpear donde m\u00e1s duele: la confianza en el plan econ\u00f3mico&#8221;, afirm\u00f3.<\/p>\n<p>El ataque a Milei coincide curiosamente con las versiones que circularon la semana que pas\u00f3 sobre una inminente aprobaci\u00f3n por parte del gobierno de la fusi\u00f3n de Telef\u00f3nica y Telecom. Se trata de un tema central para el grupo que lidera H\u00e9ctor Magnetto que tom\u00f3 cr\u00e9ditos en d\u00f3lares en el exterior por varios cientos de millones de d\u00f3lares para quedarse con la filial local de la compa\u00f1\u00eda de telecomunicaciones espa\u00f1ola.<\/p>\n<p>No es casual el enojo de Milei. La combinaci\u00f3n del caso $Libra y el esc\u00e1ndalo de Adorni est\u00e1n hundiendo su imagen por debajo de los 40 puntos. LPO revel\u00f3 en exclusivo que en el gobierno entraron en alerta por los resultados de las encuestas que contratan para seguir el pulso de la sociedad.<\/p>\n<p>Los trabajos que les acercaron la semana que pas\u00f3 marcan una ca\u00edda fuerte de la imagen de Javier Milei en lo que va del a\u00f1o, en medio de una creciente preocupaci\u00f3n por el empleo y la ca\u00edda del poder adquisitivo, pero que agrega como novedad que el cap\u00edtulo &#8220;Corrupci\u00f3n&#8221;, est\u00e1 al tope de las preocupaciones de la gente.<\/p>\n","protected":false},"excerpt":{"rendered":"<p>Es por la tapa del caso Libra. Milei se sac\u00f3 porque el diario llev\u00f3 en tapa la aparici\u00f3n de un documento que afirma que cobr\u00f3 USD 5 millones para promocionar la cripto.<\/p>\n","protected":false},"author":2,"featured_media":13767,"comment_status":"open","ping_status":"closed","sticky":false,"template":"","format":"standard","meta":{"footnotes":""},"categories":[6],"tags":[],"class_list":["post-13766","post","type-post","status-publish","format-standard","has-post-thumbnail","hentry","category-notas"],"_links":{"self":[{"href":"https:\/\/muycritico.com.ar\/web\/index.php?rest_route=\/wp\/v2\/posts\/13766","targetHints":{"allow":["GET"]}}],"collection":[{"href":"https:\/\/muycritico.com.ar\/web\/index.php?rest_route=\/wp\/v2\/posts"}],"about":[{"href":"https:\/\/muycritico.com.ar\/web\/index.php?rest_route=\/wp\/v2\/types\/post"}],"author":[{"embeddable":true,"href":"https:\/\/muycritico.com.ar\/web\/index.php?rest_route=\/wp\/v2\/users\/2"}],"replies":[{"embeddable":true,"href":"https:\/\/muycritico.com.ar\/web\/index.php?rest_route=%2Fwp%2Fv2%2Fcomments&post=13766"}],"version-history":[{"count":3,"href":"https:\/\/muycritico.com.ar\/web\/index.php?rest_route=\/wp\/v2\/posts\/13766\/revisions"}],"predecessor-version":[{"id":13770,"href":"https:\/\/muycritico.com.ar\/web\/index.php?rest_route=\/wp\/v2\/posts\/13766\/revisions\/13770"}],"wp:featuredmedia":[{"embeddable":true,"href":"https:\/\/muycritico.com.ar\/web\/index.php?rest_route=\/wp\/v2\/media\/13767"}],"wp:attachment":[{"href":"https:\/\/muycritico.com.ar\/web\/index.php?rest_route=%2Fwp%2Fv2%2Fmedia&parent=13766"}],"wp:term":[{"taxonomy":"category","embeddable":true,"href":"https:\/\/muycritico.com.ar\/web\/index.php?rest_route=%2Fwp%2Fv2%2Fcategories&post=13766"},{"taxonomy":"post_tag","embeddable":true,"href":"https:\/\/muycritico.com.ar\/web\/index.php?rest_route=%2Fwp%2Fv2%2Ftags&post=13766"}],"curies":[{"name":"wp","href":"https:\/\/api.w.org\/{rel}","templated":true}]}}