{"id":13761,"date":"2026-03-16T13:39:57","date_gmt":"2026-03-16T16:39:57","guid":{"rendered":"https:\/\/muycritico.com.ar\/web\/?p=13761"},"modified":"2026-03-16T15:53:38","modified_gmt":"2026-03-16T18:53:38","slug":"la-plata-condenaron-a-23-anos-de-prision-para-el-asesino-de-kim-gomez","status":"publish","type":"post","link":"https:\/\/muycritico.com.ar\/web\/?p=13761","title":{"rendered":"LA PLATA: CONDENARON A 23 A\u00d1OS DE PRISI\u00d3N PARA EL ASESINO DE KIM G\u00d3MEZ"},"content":{"rendered":"<p><strong>Un jurado popular ya lo hab\u00eda encontrado responsable por la muerte de la nena de 7 a\u00f1os. Hoy se conoci\u00f3 la pena en su contra. Imagen: TN<\/strong><\/p>\n<p><!--more--><\/p>\n<p>El Tribunal de Responsabilidad Penal Juvenil N\u00b0 1 de La Plata conden\u00f3 a 23 a\u00f1os y 4 meses de prisi\u00f3n al joven que mat\u00f3 a <strong>Kim G\u00f3mez<\/strong> (7) durante un robo ocurrido en La Plata.<\/p>\n<p>El portal TN detalla que los jueces Marcelo Giorgis, Juan Carlos Estrada y Guillermo Mercenaro dieron por probado que el joven tuvo responsabilidad penal en el hecho ocurrido el 25 de febrero de 2025.<\/p>\n<p>Si bien el 4 de marzo ya hab\u00eda sido encontrado culpable del hecho, hoy el tribunal dio a conocer la pena para el joven.<\/p>\n<p>Tob\u00edas Godoy, que tiene 18 a\u00f1os, fue considerado como coautor penalmente responsable del delito de homicidio en ocasi\u00f3n de robo.<\/p>\n<p><strong>El brutal robo<\/strong><\/p>\n<p>El hecho ocurri\u00f3 el 25 de febrero de 2025 en el barrio Altos de San Lorenzo, cuando Kim viajaba junto a su madre y ambas fueron asaltadas para robarles un Fiat Palio rojo en la esquina de avenida 72 y calle 25.<\/p>\n<p>Seg\u00fan reconstruy\u00f3 la investigaci\u00f3n, los delincuentes obligaron a la mujer a bajar del veh\u00edculo, la tiraron al piso y escaparon a toda velocidad.<\/p>\n<p>Kim, que iba en el asiento trasero con el cintur\u00f3n de seguridad colocado, habr\u00eda intentado descender, pero qued\u00f3 enganchada y fue arrastrada durante unas 15 cuadras.<\/p>\n<p>Luego, los atacantes la abandonaron. La fuga termin\u00f3 cuando chocaron contra un poste de luz y el auto cay\u00f3 en una zanja, tras lo cual escaparon hacia un descampado.<\/p>\n<p>&nbsp;<\/p>\n","protected":false},"excerpt":{"rendered":"<p>Un jurado popular ya lo hab\u00eda encontrado responsable por la muerte de la nena de 7 a\u00f1os. Hoy se conoci\u00f3 la pena en su contra. Imagen: TN<\/p>\n","protected":false},"author":2,"featured_media":13762,"comment_status":"open","ping_status":"closed","sticky":false,"template":"","format":"standard","meta":{"footnotes":""},"categories":[6],"tags":[1398],"class_list":["post-13761","post","type-post","status-publish","format-standard","has-post-thumbnail","hentry","category-notas","tag-kim-gomez"],"_links":{"self":[{"href":"https:\/\/muycritico.com.ar\/web\/index.php?rest_route=\/wp\/v2\/posts\/13761","targetHints":{"allow":["GET"]}}],"collection":[{"href":"https:\/\/muycritico.com.ar\/web\/index.php?rest_route=\/wp\/v2\/posts"}],"about":[{"href":"https:\/\/muycritico.com.ar\/web\/index.php?rest_route=\/wp\/v2\/types\/post"}],"author":[{"embeddable":true,"href":"https:\/\/muycritico.com.ar\/web\/index.php?rest_route=\/wp\/v2\/users\/2"}],"replies":[{"embeddable":true,"href":"https:\/\/muycritico.com.ar\/web\/index.php?rest_route=%2Fwp%2Fv2%2Fcomments&post=13761"}],"version-history":[{"count":3,"href":"https:\/\/muycritico.com.ar\/web\/index.php?rest_route=\/wp\/v2\/posts\/13761\/revisions"}],"predecessor-version":[{"id":13765,"href":"https:\/\/muycritico.com.ar\/web\/index.php?rest_route=\/wp\/v2\/posts\/13761\/revisions\/13765"}],"wp:featuredmedia":[{"embeddable":true,"href":"https:\/\/muycritico.com.ar\/web\/index.php?rest_route=\/wp\/v2\/media\/13762"}],"wp:attachment":[{"href":"https:\/\/muycritico.com.ar\/web\/index.php?rest_route=%2Fwp%2Fv2%2Fmedia&parent=13761"}],"wp:term":[{"taxonomy":"category","embeddable":true,"href":"https:\/\/muycritico.com.ar\/web\/index.php?rest_route=%2Fwp%2Fv2%2Fcategories&post=13761"},{"taxonomy":"post_tag","embeddable":true,"href":"https:\/\/muycritico.com.ar\/web\/index.php?rest_route=%2Fwp%2Fv2%2Ftags&post=13761"}],"curies":[{"name":"wp","href":"https:\/\/api.w.org\/{rel}","templated":true}]}}