{"id":13758,"date":"2026-03-16T10:57:40","date_gmt":"2026-03-16T13:57:40","guid":{"rendered":"https:\/\/muycritico.com.ar\/web\/?p=13758"},"modified":"2026-03-16T11:00:09","modified_gmt":"2026-03-16T14:00:09","slug":"detienen-a-los-padres-de-una-beba-de-8-meses-que-permanece-internada-en-estado-delicado","status":"publish","type":"post","link":"https:\/\/muycritico.com.ar\/web\/?p=13758","title":{"rendered":"DETIENEN A LOS PADRES DE UNA BEBA DE 8 MESES QUE PERMANECE INTERNADA EN ESTADO DELICADO"},"content":{"rendered":"<p><strong>La investigaci\u00f3n se inici\u00f3 a partir de una denuncia realizada el 10 de marzo por personal m\u00e9dico del Hospital P\u00fablico Materno Infantil, luego de que la menor ingresara al nosocomio con un cuadro convulsivo y lesiones detectadas durante su atenci\u00f3n.<\/strong><\/p>\n<p><!--more--><\/p>\n<p>Por expresas directivas del fiscal penal de Violencia Familiar y de G\u00e9nero N.\u00ba 2, Federico Gabriel Portal, la auxiliar fiscal Virginia Bortoloto dispuso la apertura del decreto de imputaci\u00f3n para los padres de una beba de ocho meses, en el marco de una investigaci\u00f3n iniciada tras una denuncia realizada por personal m\u00e9dico del Hospital P\u00fablico Materno Infantil de la ciudad de Salta.<\/p>\n<p>Seg\u00fan consta en las actuaciones, la menor ingres\u00f3 el 5 de marzo al nosocomio trasladada por el SAMEC con un cuadro convulsivo y un grave compromiso de su estado general, por lo que debi\u00f3 ser asistida de urgencia e internada en la Unidad de Terapia Intensiva Pedi\u00e1trica.<\/p>\n<p>Durante la atenci\u00f3n m\u00e9dica se constat\u00f3 que la paciente presentaba diversas lesiones y otros indicadores cl\u00ednicos que motivaron al equipo m\u00e9dico a dar inmediata intervenci\u00f3n a la Fiscal\u00eda para su investigaci\u00f3n el pasado 10 de marzo.<\/p>\n<p>En el marco de las primeras diligencias investigativas intervino un equipo interdisciplinario del Ministerio P\u00fablico Fiscal, que realiz\u00f3 visitas domiciliarias y entrevistas con integrantes del entorno familiar y vecinos. De acuerdo con ese informe, se detectaron versiones contradictorias respecto de los lugares de residencia y de las circunstancias vinculadas al cuidado de la menor, adem\u00e1s de dificultades para corroborar con precisi\u00f3n las din\u00e1micas de convivencia del grupo familiar.<\/p>\n<p>En cumplimiento de las medidas dispuestas en la causa y con la debida autorizaci\u00f3n del Juzgado de Garant\u00eds, personal policial llev\u00f3 adelante un procedimiento que incluy\u00f3 un allanamiento en Villa Lavalle, tras el cual ambos padres fueron detenidos.<\/p>\n<p>A partir de la denuncia, los informes m\u00e9dicos incorporados al legajo, y el trabajo investigativo llevado adelante, la Fiscal\u00eda dispuso que este lunes se realice la imputaci\u00f3n provisional de los progenitores por el delito de lesiones graves agravadas por el v\u00ednculo, en perjuicio de la menor. Adem\u00e1s, el padre fue ser\u00e1 imputado por el delito de coacci\u00f3n en una causa vinculada, iniciada a partir de una denuncia radicada por una familiar.<\/p>\n","protected":false},"excerpt":{"rendered":"<p>La investigaci\u00f3n se inici\u00f3 a partir de una denuncia realizada el 10 de marzo por personal m\u00e9dico del Hospital P\u00fablico Materno Infantil, luego de que la menor ingresara al nosocomio con un cuadro convulsivo y lesiones detectadas durante su atenci\u00f3n.<\/p>\n","protected":false},"author":2,"featured_media":13759,"comment_status":"open","ping_status":"closed","sticky":false,"template":"","format":"standard","meta":{"footnotes":""},"categories":[6],"tags":[],"class_list":["post-13758","post","type-post","status-publish","format-standard","has-post-thumbnail","hentry","category-notas"],"_links":{"self":[{"href":"https:\/\/muycritico.com.ar\/web\/index.php?rest_route=\/wp\/v2\/posts\/13758","targetHints":{"allow":["GET"]}}],"collection":[{"href":"https:\/\/muycritico.com.ar\/web\/index.php?rest_route=\/wp\/v2\/posts"}],"about":[{"href":"https:\/\/muycritico.com.ar\/web\/index.php?rest_route=\/wp\/v2\/types\/post"}],"author":[{"embeddable":true,"href":"https:\/\/muycritico.com.ar\/web\/index.php?rest_route=\/wp\/v2\/users\/2"}],"replies":[{"embeddable":true,"href":"https:\/\/muycritico.com.ar\/web\/index.php?rest_route=%2Fwp%2Fv2%2Fcomments&post=13758"}],"version-history":[{"count":1,"href":"https:\/\/muycritico.com.ar\/web\/index.php?rest_route=\/wp\/v2\/posts\/13758\/revisions"}],"predecessor-version":[{"id":13760,"href":"https:\/\/muycritico.com.ar\/web\/index.php?rest_route=\/wp\/v2\/posts\/13758\/revisions\/13760"}],"wp:featuredmedia":[{"embeddable":true,"href":"https:\/\/muycritico.com.ar\/web\/index.php?rest_route=\/wp\/v2\/media\/13759"}],"wp:attachment":[{"href":"https:\/\/muycritico.com.ar\/web\/index.php?rest_route=%2Fwp%2Fv2%2Fmedia&parent=13758"}],"wp:term":[{"taxonomy":"category","embeddable":true,"href":"https:\/\/muycritico.com.ar\/web\/index.php?rest_route=%2Fwp%2Fv2%2Fcategories&post=13758"},{"taxonomy":"post_tag","embeddable":true,"href":"https:\/\/muycritico.com.ar\/web\/index.php?rest_route=%2Fwp%2Fv2%2Ftags&post=13758"}],"curies":[{"name":"wp","href":"https:\/\/api.w.org\/{rel}","templated":true}]}}