{"id":13741,"date":"2026-03-15T13:41:37","date_gmt":"2026-03-15T16:41:37","guid":{"rendered":"https:\/\/muycritico.com.ar\/web\/?p=13741"},"modified":"2026-03-15T13:54:16","modified_gmt":"2026-03-15T16:54:16","slug":"estarian-preparando-un-gran-homenaje-para-jimena-salas","status":"publish","type":"post","link":"https:\/\/muycritico.com.ar\/web\/?p=13741","title":{"rendered":"ESTAR\u00cdAN PREPARANDO UN GRAN HOMENAJE PARA HONRAR LA MEMORIA DE JIMENA SALAS"},"content":{"rendered":"<p><strong>La idea surgi\u00f3 de un sector ajeno al gobierno de la provincia y se tratar\u00eda de algo vinculado a la circunvalaci\u00f3n o al nuevo puente de Vaqueros. Cabe recordar que Jimena Salas fue asesinada a unos pocos kil\u00f3metros de esa autopista por lo que la iniciativa es tan oportuna.<\/strong><\/p>\n<p><!--more--><\/p>\n<p>Jimena Salas fue asesinada en el interior de su casa de Vaqueros el 27 de enero de 2017, desde entonces pasaron dos juicios en los cuales el autor del hecho no estuvo presente. Luego del segundo debate oral y p\u00fablico la justicia a trav\u00e9s del Poder Judicial de Salta, determin\u00f3 que el responsable del hecho criminal fue <strong>Javier Saavedra<\/strong>, quien se quit\u00f3 la vida el d\u00eda antes de iniciar el juicio. Este punto es clave para entender el contexto de lo que sigui\u00f3.<\/p>\n<p>El Tribunal integrado por los jueces Jos\u00e9 Luis Riera (presidente), M\u00f3nica Faber y Maximiliano Troyano (vocales) el 30 de noviembre de 2025, dio a conocer los fundamentos que acreditan de manera concluyente que <strong>Javier Saavedra fue el autor material del homicidio de Jimena Salas<\/strong>, bas\u00e1ndose en pruebas gen\u00e9ticas, testimoniales y periciales que reconstruyen la mec\u00e1nica y la violencia del hecho. Cabe recordar que el veredicto se conoci\u00f3 el 7 de noviembre de 2025.<\/p>\n<figure id=\"attachment_9883\" aria-describedby=\"caption-attachment-9883\" style=\"width: 802px\" class=\"wp-caption aligncenter\"><img loading=\"lazy\" decoding=\"async\" class=\"wp-image-9883 size-full\" src=\"https:\/\/muycritico.com.ar\/web\/wp-content\/uploads\/2025\/09\/JAVIER-SAAVEDRA.jpg\" alt=\"\" width=\"802\" height=\"500\" srcset=\"https:\/\/muycritico.com.ar\/web\/wp-content\/uploads\/2025\/09\/JAVIER-SAAVEDRA.jpg 802w, https:\/\/muycritico.com.ar\/web\/wp-content\/uploads\/2025\/09\/JAVIER-SAAVEDRA-768x479.jpg 768w\" sizes=\"auto, (max-width: 802px) 100vw, 802px\" \/><figcaption id=\"caption-attachment-9883\" class=\"wp-caption-text\">Javier Saavedra<\/figcaption><\/figure>\n<p>En ese mismo proceso se juzg\u00f3 la probable coautor\u00eda de los hermanos de Javier Saavedra pero resultaron absueltos por el beneficio de la duda. Es importante destacar que la fiscal\u00eda en medio del juicio cambi\u00f3 la caratula a participes.<\/p>\n<p>Sobre los primeros elementos de identificaci\u00f3n de la identidad del autor, el Tribunal indica: \u201cEn suma, la valoraci\u00f3n conjunta de la prueba permite afirmar que la v\u00edctima fue abordada en su domicilio entre las doce veinte y las doce cincuenta y uno por un individuo que se present\u00f3 bajo el pretexto de haber encontrado un perro perdido, reproduciendo el mismo ardid empleado d\u00edas antes en otra vivienda de la zona.<\/p>\n<p>El ataque se produjo inmediatamente despu\u00e9s de esa interacci\u00f3n, en un contexto de aparente confianza, mientras las ni\u00f1as permanec\u00edan en el interior de la casa. El agresor abandon\u00f3 el lugar dejando la puerta entreabierta, la llave colocada y a las menores encerradas en uno de los ba\u00f1os. La denominada \u201chistoria del perro perdido\u201d se revela as\u00ed como el mecanismo de aproximaci\u00f3n utilizado para generar confianza y facilitar el ingreso, reiterado con escasos d\u00edas de diferencia y en id\u00e9ntico radio geogr\u00e1fico\u201d.<\/p>\n<p>A pesar de la contundencia de la prueba se realizan marchas en la Plaza 9 de julio pidiendo \u201cjusticia por Javier Saavedra\u201d, y la familia sigue poniendo en duda la veracidad del suicidio ocurrido en sede de la alcaid\u00eda, a pesar de que el mismo abogado defensor admiti\u00f3 que Javier Saavedra se quit\u00f3 la vida con una hoja de Gillette.<\/p>\n<p><img loading=\"lazy\" decoding=\"async\" class=\"aligncenter size-full wp-image-12461\" src=\"https:\/\/muycritico.com.ar\/web\/wp-content\/uploads\/2026\/01\/VAQUEROS2.jpg\" alt=\"\" width=\"1056\" height=\"588\" srcset=\"https:\/\/muycritico.com.ar\/web\/wp-content\/uploads\/2026\/01\/VAQUEROS2.jpg 1056w, https:\/\/muycritico.com.ar\/web\/wp-content\/uploads\/2026\/01\/VAQUEROS2-768x428.jpg 768w\" sizes=\"auto, (max-width: 1056px) 100vw, 1056px\" \/><\/p>\n<p><strong>La iniciativa del homenaje<\/strong><\/p>\n<p>Una fuente confi\u00f3 a esta redacci\u00f3n que la idea no vino del gobierno sino de un importante funcionario vinculado a la construcci\u00f3n, quien habr\u00eda iniciado una b\u00fasqueda de colaboradores dentro del municipio de Vaqueros, para luego llevar el proyecto a una importante funcionaria provincial, quien habr\u00eda visto con buenos ojos el homenaje. El nombre de la funcionaria en cuesti\u00f3n se mantiene en reserva por obvias razones, ya que se trata de alguien comprometida con las causas referidas a femicidios y todo lo relacionado con violencia contra las mujeres.<\/p>\n<p>No solo se tratar\u00eda de una placa recordatoria como se hizo en el edificio donde est\u00e1 ubicado el GAP, como en el caso de <strong>Cintia Fern\u00e1ndez<\/strong>, o el monumento levantado en la Quebrada de San Lorenzo por la memoria de <strong>Cassandre Bouvier <\/strong>y<strong> Houria Moumni<\/strong>, sino que se estar\u00eda preparando en principio el nombre de la circunvalaci\u00f3n o bien de un tramo de la flamante autopista, obra de excepcionales prestaciones y que su finalizaci\u00f3n ser\u00eda para este a\u00f1o. Aun no trascendieron precisiones con respecto a esto \u00faltimo.<\/p>\n<p>Son muchos los funcionarios que quieren sumarse a la inauguraci\u00f3n de esta importante obra que promete terminar con el caos vehicular que se produce en el acceso a Vaqueros cada fin de semana, adem\u00e1s de agilizar el paso a La Caldera.<\/p>\n<p><img loading=\"lazy\" decoding=\"async\" class=\"aligncenter size-full wp-image-10613\" src=\"https:\/\/muycritico.com.ar\/web\/wp-content\/uploads\/2025\/10\/vaqueros2.jpg\" alt=\"\" width=\"1061\" height=\"593\" srcset=\"https:\/\/muycritico.com.ar\/web\/wp-content\/uploads\/2025\/10\/vaqueros2.jpg 1061w, https:\/\/muycritico.com.ar\/web\/wp-content\/uploads\/2025\/10\/vaqueros2-768x429.jpg 768w\" sizes=\"auto, (max-width: 1061px) 100vw, 1061px\" \/><\/p>\n<p>Cabe recordar que Jimena Salas fue asesinada a unos pocos kil\u00f3metros de esa autopista por lo que la iniciativa es tan oportuna.<\/p>\n<p>Este caso representa una verdadera bisagra en lo que hace a una problem\u00e1tica que en Salta est\u00e1 lejos de terminar, es decir la violencia contra las mujeres traducida en sangrientos femicidios, los cuales siguen incrementando la perversa estad\u00edstica en Salta, una de las provincias m\u00e1s violentas contra la integridad de las mujeres.<\/p>\n<p>Con este homenaje el autor de la iniciativa dijo a la fuente vinculada a esta informaci\u00f3n que la intenci\u00f3n es darle voz a la v\u00edctima. Brindarle al menos el conocimiento a las hijas de que el nombre de su madre no ser\u00e1 un obituario m\u00e1s; y sobre todo que los colectivos feministas recuerden que la memoria de las v\u00edctimas no son moneda de cambio para lograr alg\u00fan redito pol\u00edtico.<\/p>\n","protected":false},"excerpt":{"rendered":"<p>La idea surgi\u00f3 de un sector ajeno al gobierno de la provincia y se tratar\u00eda de algo vinculado a la circunvalaci\u00f3n o al nuevo puente de Vaqueros. Cabe recordar que Jimena Salas fue asesinada a unos pocos kil\u00f3metros de esa autopista por lo que la iniciativa es tan oportuna.<\/p>\n","protected":false},"author":2,"featured_media":4195,"comment_status":"open","ping_status":"closed","sticky":false,"template":"","format":"standard","meta":{"footnotes":""},"categories":[6],"tags":[43,42],"class_list":["post-13741","post","type-post","status-publish","format-standard","has-post-thumbnail","hentry","category-notas","tag-javier-saavedra","tag-jimena-salas"],"_links":{"self":[{"href":"https:\/\/muycritico.com.ar\/web\/index.php?rest_route=\/wp\/v2\/posts\/13741","targetHints":{"allow":["GET"]}}],"collection":[{"href":"https:\/\/muycritico.com.ar\/web\/index.php?rest_route=\/wp\/v2\/posts"}],"about":[{"href":"https:\/\/muycritico.com.ar\/web\/index.php?rest_route=\/wp\/v2\/types\/post"}],"author":[{"embeddable":true,"href":"https:\/\/muycritico.com.ar\/web\/index.php?rest_route=\/wp\/v2\/users\/2"}],"replies":[{"embeddable":true,"href":"https:\/\/muycritico.com.ar\/web\/index.php?rest_route=%2Fwp%2Fv2%2Fcomments&post=13741"}],"version-history":[{"count":7,"href":"https:\/\/muycritico.com.ar\/web\/index.php?rest_route=\/wp\/v2\/posts\/13741\/revisions"}],"predecessor-version":[{"id":13748,"href":"https:\/\/muycritico.com.ar\/web\/index.php?rest_route=\/wp\/v2\/posts\/13741\/revisions\/13748"}],"wp:featuredmedia":[{"embeddable":true,"href":"https:\/\/muycritico.com.ar\/web\/index.php?rest_route=\/wp\/v2\/media\/4195"}],"wp:attachment":[{"href":"https:\/\/muycritico.com.ar\/web\/index.php?rest_route=%2Fwp%2Fv2%2Fmedia&parent=13741"}],"wp:term":[{"taxonomy":"category","embeddable":true,"href":"https:\/\/muycritico.com.ar\/web\/index.php?rest_route=%2Fwp%2Fv2%2Fcategories&post=13741"},{"taxonomy":"post_tag","embeddable":true,"href":"https:\/\/muycritico.com.ar\/web\/index.php?rest_route=%2Fwp%2Fv2%2Ftags&post=13741"}],"curies":[{"name":"wp","href":"https:\/\/api.w.org\/{rel}","templated":true}]}}