{"id":13735,"date":"2026-03-15T09:06:58","date_gmt":"2026-03-15T12:06:58","guid":{"rendered":"https:\/\/muycritico.com.ar\/web\/?p=13735"},"modified":"2026-03-15T09:08:20","modified_gmt":"2026-03-15T12:08:20","slug":"tras-las-aclaraciones-de-bouvier-con-respecto-la-supuesta-citacion-de-urtubey-cristina-y-sarkozy-la-unidad-fiscal-tuvo-que-emitir-un-comunicado","status":"publish","type":"post","link":"https:\/\/muycritico.com.ar\/web\/?p=13735","title":{"rendered":"TRAS LAS ACLARACIONES DE BOUVIER CON RESPECTO LA SUPUESTA CITACI\u00d3N DE URTUBEY, CRISTINA Y SARKOZY, LA UNIDAD FISCAL TUVO QUE EMITIR UN COMUNICADO"},"content":{"rendered":"<p><strong>Debido a las filtraciones y distorsionadas declaraciones del padre de una de las victimas del doble crimen de las ciudadanas francesas en 2011, es que la fiscal\u00eda interviniente debi\u00f3 salir a aclarar que, \u201ca los fines de hacer efectivos los derechos que le asisten como v\u00edctima\u201d,\u00a0 se debe \u201caclarar que el se\u00f1or Bouvier no ha solicitado ni instado que se cite a prestar declaraci\u00f3n a personas que ejercieron jefaturas de Estado, tanto en la Rep\u00fablica Argentina como en la Rep\u00fablica de Francia, a la fecha en que ocurrieron los hechos\u201d.<\/strong><\/p>\n<p><!--more--><\/p>\n<p>El regreso de <strong>Jean M. Bouvier<\/strong> a Salta ha dejado una vez m\u00e1s en evidencia que la falta de seriedad en este caso es una constante desde aquel tr\u00e1gico invierno de 2011, cuando aparecieron en la quebrada de San Lorenzo los cuerpos ultrajados de <strong>Cassandre Bouvier y Houria Moumni<\/strong>, hasta el d\u00eda que declar\u00f3 Bouvier ante la nueva unidad fiscal.<\/p>\n<p>Para iniciar una sucesi\u00f3n de eventos desafortunados se enumeran los papelones desde el inicio de la instrucci\u00f3n con un juez <strong>Martin P\u00e9rez<\/strong> que hizo todo mal y ante la presi\u00f3n pol\u00edtica ech\u00f3 a perder toda la investigaci\u00f3n; resultando incre\u00edble que a\u00fan no se lo haya citado para que d\u00e9 explicaciones a la Justicia del porqu\u00e9 de haber \u201cempiojado\u201d as\u00ed una causa de la magnitud que tuvo esta, cuando contaba con todos los elementos para resolverla con celeridad.<\/p>\n<p>Lo que sigui\u00f3 despu\u00e9s fue una catastr\u00f3fica seguidilla de bochornosos cap\u00edtulos judiciales y policiales que socavaron la credibilidad del Poder Judicial al grado de que todo lo que resuelve la Justicia hoy por hoy, es motivo de dudas y controversias, haciendo que cada fallo sea blanco de un escepticismo perpetuo.<\/p>\n<p>Llevaron a dos perejiles a juicio y a uno lo tuvieron 10 a\u00f1os en la c\u00e1rcel para despu\u00e9s mandarlo a la casa con palmada en la espalda. Pero hasta eso le arruinaron la vida, tanto a <strong>Daniel Vilte<\/strong> como a <strong>Santos Clemente Vera<\/strong>, y a quejarse a Magoya, ya que estos hijos de la chingada dictaminaron todo \u201cpor la duda\u201d y de esa forma se sacaron la obligaci\u00f3n de tener que pagar un resarcimiento econ\u00f3mico que deber\u00eda al menos servirles para vivir el resto de sus vidas sin trabajar.<\/p>\n<p>Se sabe que la condena social es inapelable para cualquiera de estos desafortunados que cayeron en el radar de estos desalmados. Despu\u00e9s vendr\u00eda la resoluci\u00f3n de los jueces <strong>Rub\u00e9n Arias Nallar y Luciano Martini<\/strong>, los que participaron de aquella infamia donde mandaron a Vera a la c\u00e1rcel sin ni siquiera leerles el nuevo fallo en persona. De hecho a estos dos \u00faltimos ni siquiera los quisieron someter a un jury de enjuiciamiento.<\/p>\n<p>En el medio, unos 15 elementos de la Brigada torturando a los imputados, m\u00e1s la misteriosa muerte del comisario <strong>N\u00e9stor Piccolo<\/strong>, por lo que Bouvier solicit\u00f3 que se profundice en ese aspecto a la nueva unidad fiscal.<\/p>\n<p>Mientras tanto ah\u00ed anda el flamante ahora abogado <strong>Walter Mamani<\/strong> por tribunales, como si nada hubiera pasado despu\u00e9s de plantar las balas en la escena del hallazgo de las v\u00edctimas, siendo que Piccolo hab\u00eda pasado por all\u00ed en d\u00eda anterior con un detector de metales de Gendarmer\u00eda y no hab\u00eda encontrado nada. Alguien deber\u00e1 explicar todos estos desaguisados alg\u00fan d\u00eda y m\u00e1s vale que sea pronto.<\/p>\n<p>Y como para completar la desidia aparece El Tribuno publicando algo que a los dos d\u00edas Bouvier neg\u00f3 de cuajo.<\/p>\n<p><strong>El comunicado de la nueva unidad fiscal<\/strong><\/p>\n<p><em>La Unidad Fiscal Especial, integrada por los fiscales penales Mar\u00eda Luj\u00e1n Sodero Calvet, Gabriel Gonz\u00e1lez, Daniel Espiloc\u00edn y Pablo Paz, que interviene en la investigaci\u00f3n del homicidio de las ciudadanas francesas Cassandre Bouvier y Houria Mounmi, aclara que, a los fines de hacer efectivos los derechos que le asisten como v\u00edctima y de conformidad con lo establecido por los arts. 98 y 99 del C\u00f3digo Procesal Penal, el se\u00f1or Jean M. Bouvier fue citado y se le recepcion\u00f3 declaraci\u00f3n testimonial durante los d\u00edas 9 y 10 de marzo de 2026, acompa\u00f1ado en ese acto por personal de la Embajada de Francia.<\/em><\/p>\n<p><em>En su compromiso inquebrantable con la continuidad de las investigaciones y su predisposici\u00f3n a aportar y colaborar con tal fin, el se\u00f1or Jean Michel Bouvier ha decidido, al menos por el momento, mantener reserva y no realizar declaraciones a los medios de prensa sobre el contenido de lo expuesto ante los fiscales, decisi\u00f3n que ser\u00e1 acompa\u00f1ada y, desde luego, respetada por el Ministerio P\u00fablico Fiscal, especialmente al tratarse de una v\u00edctima de tan aberrante hecho criminal y considerando el amplio marco normativo vigente de protecci\u00f3n a las v\u00edctimas y de salvaguarda de sus derechos ante las instancias judiciales.<\/em><\/p>\n<p><em>La Unidad Fiscal desea aclarar que el se\u00f1or Bouvier no ha solicitado ni instado que se cite a prestar declaraci\u00f3n a personas que ejercieron jefaturas de Estado, tanto en la Rep\u00fablica Argentina como en la Rep\u00fablica de Francia, a la fecha en que ocurrieron los hechos.<\/em><\/p>\n","protected":false},"excerpt":{"rendered":"<p>Debido a las filtraciones y distorsionadas declaraciones del padre de una de las victimas del doble crimen de las ciudadanas francesas en 2011, es que la fiscal\u00eda interviniente debi\u00f3 salir a aclarar que, \u201ca los fines de hacer efectivos los derechos que le asisten como v\u00edctima\u201d,\u00a0 se debe \u201caclarar que el se\u00f1or Bouvier no ha [&hellip;]<\/p>\n","protected":false},"author":2,"featured_media":13736,"comment_status":"open","ping_status":"closed","sticky":false,"template":"","format":"standard","meta":{"footnotes":""},"categories":[6],"tags":[47,49,1397,176,198,313,45,199],"class_list":["post-13735","post","type-post","status-publish","format-standard","has-post-thumbnail","hentry","category-notas","tag-cassandre-bouvier-y-houria-moumni","tag-daniel-vilte","tag-jean-m-bouvier","tag-martin-perez","tag-nestor-piccolo","tag-ruben-arias-nallar-y-luciano-martini","tag-santos-clemente-vera","tag-walter-mamani"],"_links":{"self":[{"href":"https:\/\/muycritico.com.ar\/web\/index.php?rest_route=\/wp\/v2\/posts\/13735","targetHints":{"allow":["GET"]}}],"collection":[{"href":"https:\/\/muycritico.com.ar\/web\/index.php?rest_route=\/wp\/v2\/posts"}],"about":[{"href":"https:\/\/muycritico.com.ar\/web\/index.php?rest_route=\/wp\/v2\/types\/post"}],"author":[{"embeddable":true,"href":"https:\/\/muycritico.com.ar\/web\/index.php?rest_route=\/wp\/v2\/users\/2"}],"replies":[{"embeddable":true,"href":"https:\/\/muycritico.com.ar\/web\/index.php?rest_route=%2Fwp%2Fv2%2Fcomments&post=13735"}],"version-history":[{"count":1,"href":"https:\/\/muycritico.com.ar\/web\/index.php?rest_route=\/wp\/v2\/posts\/13735\/revisions"}],"predecessor-version":[{"id":13737,"href":"https:\/\/muycritico.com.ar\/web\/index.php?rest_route=\/wp\/v2\/posts\/13735\/revisions\/13737"}],"wp:featuredmedia":[{"embeddable":true,"href":"https:\/\/muycritico.com.ar\/web\/index.php?rest_route=\/wp\/v2\/media\/13736"}],"wp:attachment":[{"href":"https:\/\/muycritico.com.ar\/web\/index.php?rest_route=%2Fwp%2Fv2%2Fmedia&parent=13735"}],"wp:term":[{"taxonomy":"category","embeddable":true,"href":"https:\/\/muycritico.com.ar\/web\/index.php?rest_route=%2Fwp%2Fv2%2Fcategories&post=13735"},{"taxonomy":"post_tag","embeddable":true,"href":"https:\/\/muycritico.com.ar\/web\/index.php?rest_route=%2Fwp%2Fv2%2Ftags&post=13735"}],"curies":[{"name":"wp","href":"https:\/\/api.w.org\/{rel}","templated":true}]}}