{"id":13728,"date":"2026-03-13T18:11:13","date_gmt":"2026-03-13T21:11:13","guid":{"rendered":"https:\/\/muycritico.com.ar\/web\/?p=13728"},"modified":"2026-03-13T18:13:10","modified_gmt":"2026-03-13T21:13:10","slug":"el-galpon-acusado-de-tener-mas-de-medio-kilo-de-drogas-seguira-detenido","status":"publish","type":"post","link":"https:\/\/muycritico.com.ar\/web\/?p=13728","title":{"rendered":"EL GALP\u00d3N: ACUSADO DE TENER M\u00c1S DE MEDIO KILO DE DROGAS SEGUIR\u00c1 DETENIDO"},"content":{"rendered":"<p><strong>El pasado 12 de febrero la Direcci\u00f3n General de Drogas Peligrosas recibi\u00f3 un llamado telef\u00f3nico an\u00f3nimo informando sobre un hombre que estar\u00eda comercializando estupefacientes de la localidad de El Galp\u00f3n.<\/strong><\/p>\n<p><!--more--><\/p>\n<p>Tras realizar tareas de campo, pudieron individualizar a un joven de 21 a\u00f1os mientras realizaba maniobras compatibles con la venta de drogas en la v\u00eda p\u00fablica. Pero mientras lo segu\u00edan, el sujeto se dio cuenta y se fue a su casa, desde donde sali\u00f3 nuevamente a buscar a otro hombre. En el trayecto la polic\u00eda los detuvo y el joven manifest\u00f3 espont\u00e1neamente que ten\u00eda una mochila con drogas que hab\u00eda dejado en la vivienda de un menor de edad.<\/p>\n<p>Al profundizar la requisa y los procedimientos, tanto en el domicilio del menor como en la vivienda del propio investigado, se logr\u00f3 el secuestro de dos envoltorios con marihuana compactada, diversos envoltorios con coca\u00edna. Las pruebas de campo confirmaron la presencia de 505 gramos de cannabis sativa y 25 gramos de coca\u00edna. El acusado reconoci\u00f3 la propiedad de los elementos secuestrados tanto en el autom\u00f3vil como en las viviendas inspeccionadas.<\/p>\n<p>En el marco de la audiencia flexible y multiprop\u00f3sito, el juez de Met\u00e1n Mario Dilascio dict\u00f3 la prisi\u00f3n preventiva del joven por considerarlo presunto autor del delito de tenencia de estupefacientes con fines de comercializaci\u00f3n, aunque dispuso que la medida se cumpla bajo la modalidad de prisi\u00f3n domiciliaria. Adem\u00e1s le impuso la prohibici\u00f3n absoluta de consumir sustancias estupefacientes, bajo apercibimiento de revocarse el beneficio otorgado en caso de cualquier incumplimiento.<\/p>\n","protected":false},"excerpt":{"rendered":"<p>El pasado 12 de febrero la Direcci\u00f3n General de Drogas Peligrosas recibi\u00f3 un llamado telef\u00f3nico an\u00f3nimo informando sobre un hombre que estar\u00eda comercializando estupefacientes de la localidad de El Galp\u00f3n.<\/p>\n","protected":false},"author":2,"featured_media":13729,"comment_status":"open","ping_status":"closed","sticky":false,"template":"","format":"standard","meta":{"footnotes":""},"categories":[6],"tags":[],"class_list":["post-13728","post","type-post","status-publish","format-standard","has-post-thumbnail","hentry","category-notas"],"_links":{"self":[{"href":"https:\/\/muycritico.com.ar\/web\/index.php?rest_route=\/wp\/v2\/posts\/13728","targetHints":{"allow":["GET"]}}],"collection":[{"href":"https:\/\/muycritico.com.ar\/web\/index.php?rest_route=\/wp\/v2\/posts"}],"about":[{"href":"https:\/\/muycritico.com.ar\/web\/index.php?rest_route=\/wp\/v2\/types\/post"}],"author":[{"embeddable":true,"href":"https:\/\/muycritico.com.ar\/web\/index.php?rest_route=\/wp\/v2\/users\/2"}],"replies":[{"embeddable":true,"href":"https:\/\/muycritico.com.ar\/web\/index.php?rest_route=%2Fwp%2Fv2%2Fcomments&post=13728"}],"version-history":[{"count":1,"href":"https:\/\/muycritico.com.ar\/web\/index.php?rest_route=\/wp\/v2\/posts\/13728\/revisions"}],"predecessor-version":[{"id":13730,"href":"https:\/\/muycritico.com.ar\/web\/index.php?rest_route=\/wp\/v2\/posts\/13728\/revisions\/13730"}],"wp:featuredmedia":[{"embeddable":true,"href":"https:\/\/muycritico.com.ar\/web\/index.php?rest_route=\/wp\/v2\/media\/13729"}],"wp:attachment":[{"href":"https:\/\/muycritico.com.ar\/web\/index.php?rest_route=%2Fwp%2Fv2%2Fmedia&parent=13728"}],"wp:term":[{"taxonomy":"category","embeddable":true,"href":"https:\/\/muycritico.com.ar\/web\/index.php?rest_route=%2Fwp%2Fv2%2Fcategories&post=13728"},{"taxonomy":"post_tag","embeddable":true,"href":"https:\/\/muycritico.com.ar\/web\/index.php?rest_route=%2Fwp%2Fv2%2Ftags&post=13728"}],"curies":[{"name":"wp","href":"https:\/\/api.w.org\/{rel}","templated":true}]}}