{"id":13723,"date":"2026-03-13T16:55:07","date_gmt":"2026-03-13T19:55:07","guid":{"rendered":"https:\/\/muycritico.com.ar\/web\/?p=13723"},"modified":"2026-03-13T16:55:07","modified_gmt":"2026-03-13T19:55:07","slug":"trabajos-de-mantenimiento-y-mejoras-sobre-la-ruta-nacional-n9","status":"publish","type":"post","link":"https:\/\/muycritico.com.ar\/web\/?p=13723","title":{"rendered":"TRABAJOS DE MANTENIMIENTO Y MEJORAS SOBRE LA RUTA NACIONAL N\u00b09"},"content":{"rendered":"<p><strong>Vialidad Nacional informa que personal y maquinaria vial se encuentran llevando adelante tareas de mantenimiento sobre la Ruta Nacional N\u00b09, en el tramo comprendido entre Vaqueros y el Dique Campo Alegre, en la provincia de Salta.<\/strong><\/p>\n<p><!--more--><\/p>\n<p>Las intervenciones consisten principalmente en trabajos de ensanche de banquinas y corte de pasto, con el objetivo de mejorar las condiciones de seguridad y visibilidad para quienes circulan por esta importante red vial. Estas tareas forman parte del mantenimiento preventivo que se realiza de manera peri\u00f3dica sobre la traza.<\/p>\n<p>En cuanto a los trabajos de bacheo, se informa que los mismos se ejecutar\u00e1n una vez que disminuyan las precipitaciones, ya que las condiciones clim\u00e1ticas propias de la temporada estival dificultan la correcta realizaci\u00f3n de estas labores.<\/p>\n<p><img loading=\"lazy\" decoding=\"async\" class=\"aligncenter size-full wp-image-13725\" src=\"https:\/\/muycritico.com.ar\/web\/wp-content\/uploads\/2026\/03\/RUTA9-2.jpg\" alt=\"\" width=\"1600\" height=\"1200\" srcset=\"https:\/\/muycritico.com.ar\/web\/wp-content\/uploads\/2026\/03\/RUTA9-2.jpg 1600w, https:\/\/muycritico.com.ar\/web\/wp-content\/uploads\/2026\/03\/RUTA9-2-768x576.jpg 768w, https:\/\/muycritico.com.ar\/web\/wp-content\/uploads\/2026\/03\/RUTA9-2-1536x1152.jpg 1536w\" sizes=\"auto, (max-width: 1600px) 100vw, 1600px\" \/><\/p>\n<p>Cabe destacar que estas acciones tambi\u00e9n buscan reforzar las condiciones de transitabilidad en un corredor que registra un importante movimiento vehicular durante estos d\u00edas, especialmente por la realizaci\u00f3n del Festival de la Chicha en la localidad de La Caldera, evento que convoca a numerosos vecinos y turistas de distintos puntos de la provincia y de otras regiones del pa\u00eds.<\/p>\n<p>Las tareas continuar\u00e1n durante los pr\u00f3ximos d\u00edas y se extender\u00e1n progresivamente hasta el l\u00edmite con la provincia de Jujuy.<\/p>\n<p>Se solicita a los usuarios de la ruta circular con suma precauci\u00f3n, respetando la se\u00f1alizaci\u00f3n preventiva y las indicaciones del personal vial que se encuentra trabajando en el sector, a fin de resguardar la seguridad de todos los conductores y trabajadores.<\/p>\n","protected":false},"excerpt":{"rendered":"<p>Vialidad Nacional informa que personal y maquinaria vial se encuentran llevando adelante tareas de mantenimiento sobre la Ruta Nacional N\u00b09, en el tramo comprendido entre Vaqueros y el Dique Campo Alegre, en la provincia de Salta.<\/p>\n","protected":false},"author":2,"featured_media":13724,"comment_status":"open","ping_status":"closed","sticky":false,"template":"","format":"standard","meta":{"footnotes":""},"categories":[6],"tags":[],"class_list":["post-13723","post","type-post","status-publish","format-standard","has-post-thumbnail","hentry","category-notas"],"_links":{"self":[{"href":"https:\/\/muycritico.com.ar\/web\/index.php?rest_route=\/wp\/v2\/posts\/13723","targetHints":{"allow":["GET"]}}],"collection":[{"href":"https:\/\/muycritico.com.ar\/web\/index.php?rest_route=\/wp\/v2\/posts"}],"about":[{"href":"https:\/\/muycritico.com.ar\/web\/index.php?rest_route=\/wp\/v2\/types\/post"}],"author":[{"embeddable":true,"href":"https:\/\/muycritico.com.ar\/web\/index.php?rest_route=\/wp\/v2\/users\/2"}],"replies":[{"embeddable":true,"href":"https:\/\/muycritico.com.ar\/web\/index.php?rest_route=%2Fwp%2Fv2%2Fcomments&post=13723"}],"version-history":[{"count":1,"href":"https:\/\/muycritico.com.ar\/web\/index.php?rest_route=\/wp\/v2\/posts\/13723\/revisions"}],"predecessor-version":[{"id":13726,"href":"https:\/\/muycritico.com.ar\/web\/index.php?rest_route=\/wp\/v2\/posts\/13723\/revisions\/13726"}],"wp:featuredmedia":[{"embeddable":true,"href":"https:\/\/muycritico.com.ar\/web\/index.php?rest_route=\/wp\/v2\/media\/13724"}],"wp:attachment":[{"href":"https:\/\/muycritico.com.ar\/web\/index.php?rest_route=%2Fwp%2Fv2%2Fmedia&parent=13723"}],"wp:term":[{"taxonomy":"category","embeddable":true,"href":"https:\/\/muycritico.com.ar\/web\/index.php?rest_route=%2Fwp%2Fv2%2Fcategories&post=13723"},{"taxonomy":"post_tag","embeddable":true,"href":"https:\/\/muycritico.com.ar\/web\/index.php?rest_route=%2Fwp%2Fv2%2Ftags&post=13723"}],"curies":[{"name":"wp","href":"https:\/\/api.w.org\/{rel}","templated":true}]}}