{"id":13719,"date":"2026-03-13T16:13:58","date_gmt":"2026-03-13T19:13:58","guid":{"rendered":"https:\/\/muycritico.com.ar\/web\/?p=13719"},"modified":"2026-03-13T17:01:12","modified_gmt":"2026-03-13T20:01:12","slug":"bouvier-muy-irritado-con-las-publicaciones-de-el-tribuno","status":"publish","type":"post","link":"https:\/\/muycritico.com.ar\/web\/?p=13719","title":{"rendered":"BOUVIER \u201cMUY IRRITADO\u201d CON LAS PUBLICACIONES DE EL TRIBUNO"},"content":{"rendered":"<p><strong>El padre de Cassandre Bouvier cuestion\u00f3 la publicaci\u00f3n de la informaci\u00f3n sobre su testimonio, del cual no quiso dar detalles y dijo que hubo \u201cdeformaciones de la realidad\u201d que generaron malestar pol\u00edtico internacional. El medio en cuesti\u00f3n titul\u00f3 \u201cBouvier pidi\u00f3 a fiscales que declaren Sarkozy, Cristina Kirchner y Urtubey\u201d.<\/strong><\/p>\n<p><!--more--><\/p>\n<p>Tras los dos d\u00edas de declaraciones donde <strong>Jean-Michel Bouvier<\/strong> se present\u00f3 en la fiscal\u00eda de Graves Atentados Contras las Personas, y de lo cual <strong>prensa de la fiscal\u00eda<\/strong> no emiti\u00f3 ning\u00fan parte informativo, el gran dilema entre los periodistas especializados en judiciales era saber de d\u00f3nde El Tribuno hab\u00eda obtenido la informaci\u00f3n.<\/p>\n<p>De hecho, quien redacta la presente nota intent\u00f3 hablar con Bouvier a la salida del GAP y la respuesta fue clara: <strong>silencio total<\/strong>. Eso sumado al hermetismo perpetuo con que se maneja la fiscal\u00eda hizo que sea a\u00fan m\u00e1s suspicaz el contenido de la nota titulada como <strong>\u201cBouvier pidi\u00f3 a fiscales que declaren Sarkozy, Cristina Kirchner y Urtubey\u201d<\/strong>, del que todos los medios tomaron el contenido y lo \u201crefritaron\u201d, como suele tildarse a ese rebote en los medios.<\/p>\n<p>Reci\u00e9n ayer -12 de marzo- el ciclo NN que se emite por ARIES, pudo contar con la palabra del padre de una de las chicas asesinadas en 2011. All\u00ed Bouvier se manifest\u00f3 muy irritado con las susodichas publicaciones.<\/p>\n<blockquote class=\"instagram-media\" style=\"background: #FFF; border: 0; border-radius: 3px; box-shadow: 0 0 1px 0 rgba(0,0,0,0.5),0 1px 10px 0 rgba(0,0,0,0.15); margin: 1px; max-width: 540px; min-width: 326px; padding: 0; width: calc(100% - 2px);\" data-instgrm-captioned=\"\" data-instgrm-permalink=\"https:\/\/www.instagram.com\/reel\/DVrCUHLEes_\/?utm_source=ig_embed&amp;utm_campaign=loading\" data-instgrm-version=\"14\">\n<div style=\"padding: 16px;\">\n<p>&nbsp;<\/p>\n<div style=\"display: flex; flex-direction: row; align-items: center;\">\n<div style=\"background-color: #f4f4f4; border-radius: 50%; flex-grow: 0; height: 40px; margin-right: 14px; width: 40px;\"><\/div>\n<div style=\"display: flex; flex-direction: column; flex-grow: 1; justify-content: center;\">\n<div style=\"background-color: #f4f4f4; border-radius: 4px; flex-grow: 0; height: 14px; margin-bottom: 6px; width: 100px;\"><\/div>\n<div style=\"background-color: #f4f4f4; border-radius: 4px; flex-grow: 0; height: 14px; width: 60px;\"><\/div>\n<\/div>\n<\/div>\n<div style=\"padding: 19% 0;\"><\/div>\n<div style=\"display: block; height: 50px; margin: 0 auto 12px; width: 50px;\"><\/div>\n<div style=\"padding-top: 8px;\">\n<div style=\"color: #3897f0; font-family: Arial,sans-serif; font-size: 14px; font-style: normal; font-weight: 550; line-height: 18px;\">Ver esta publicaci\u00f3n en Instagram<\/div>\n<\/div>\n<div style=\"padding: 12.5% 0;\"><\/div>\n<div style=\"display: flex; flex-direction: row; margin-bottom: 14px; align-items: center;\">\n<div>\n<div style=\"background-color: #f4f4f4; border-radius: 50%; height: 12.5px; width: 12.5px; transform: translateX(0px) translateY(7px);\"><\/div>\n<div style=\"background-color: #f4f4f4; height: 12.5px; transform: rotate(-45deg) translateX(3px) translateY(1px); width: 12.5px; flex-grow: 0; margin-right: 14px; margin-left: 2px;\"><\/div>\n<div style=\"background-color: #f4f4f4; border-radius: 50%; height: 12.5px; width: 12.5px; transform: translateX(9px) translateY(-18px);\"><\/div>\n<\/div>\n<div style=\"margin-left: 8px;\">\n<div style=\"background-color: #f4f4f4; border-radius: 50%; flex-grow: 0; height: 20px; width: 20px;\"><\/div>\n<div style=\"width: 0; height: 0; border-top: 2px solid transparent; border-left: 6px solid #f4f4f4; border-bottom: 2px solid transparent; transform: translateX(16px) translateY(-4px) rotate(30deg);\"><\/div>\n<\/div>\n<div style=\"margin-left: auto;\">\n<div style=\"width: 0px; border-top: 8px solid #F4F4F4; border-right: 8px solid transparent; transform: translateY(16px);\"><\/div>\n<div style=\"background-color: #f4f4f4; flex-grow: 0; height: 12px; width: 16px; transform: translateY(-4px);\"><\/div>\n<div style=\"width: 0; height: 0; border-top: 8px solid #F4F4F4; border-left: 8px solid transparent; transform: translateY(-4px) translateX(8px);\"><\/div>\n<\/div>\n<\/div>\n<div style=\"display: flex; flex-direction: column; flex-grow: 1; justify-content: center; margin-bottom: 24px;\">\n<div style=\"background-color: #f4f4f4; border-radius: 4px; flex-grow: 0; height: 14px; margin-bottom: 6px; width: 224px;\"><\/div>\n<div style=\"background-color: #f4f4f4; border-radius: 4px; flex-grow: 0; height: 14px; width: 144px;\"><\/div>\n<\/div>\n<p>&nbsp;<\/p>\n<p style=\"color: #c9c8cd; font-family: Arial,sans-serif; font-size: 14px; line-height: 17px; margin-bottom: 0; margin-top: 8px; overflow: hidden; padding: 8px 0 7px; text-align: center; text-overflow: ellipsis; white-space: nowrap;\"><a style=\"color: #c9c8cd; font-family: Arial,sans-serif; font-size: 14px; font-style: normal; font-weight: normal; line-height: 17px; text-decoration: none;\" href=\"https:\/\/www.instagram.com\/reel\/DVrCUHLEes_\/?utm_source=ig_embed&amp;utm_campaign=loading\" target=\"_blank\" rel=\"noopener\">Una publicaci\u00f3n compartida por Muy Critico (@muycriticodigital)<\/a><\/p>\n<\/div>\n<\/blockquote>\n<p><script async src=\"\/\/www.instagram.com\/embed.js\"><\/script><\/p>\n<p><strong>\u201cEstoy muy irritado, muy enojado con las informaciones que se publicaron\u201d<\/strong><\/p>\n<p>En la entrevista expres\u00f3 su malestar por la publicaci\u00f3n de detalles de su declaraci\u00f3n ante la Unidad Especializada que busca reimpulsar la investigaci\u00f3n del caso y apunt\u00f3 contra el diario El Tribuno por las filtraciones.<\/p>\n<p>Afirm\u00f3 que las versiones difundidas sobre su testimonio, del cual no quiso dar detalles, no reflejan con precisi\u00f3n lo ocurrido durante la audiencia. \u201cEstoy muy irritado, muy enojado con las informaciones que se publicaron. No digo que no sean parcialmente ciertas, pero hay muchas deformaciones de la realidad\u201d, se\u00f1al\u00f3.<\/p>\n<p>Seg\u00fan lo publicado por el portal digital de ARIES, Bouvier indic\u00f3 adem\u00e1s que la situaci\u00f3n tambi\u00e9n gener\u00f3 malestar en la representaci\u00f3n diplom\u00e1tica francesa.<\/p>\n<p>Seg\u00fan explic\u00f3, el tema fue planteado ante el procurador general de Salta, Garc\u00eda Castiella, quien pidi\u00f3 disculpas y asegur\u00f3 que la filtraci\u00f3n no proven\u00eda de la Procuraci\u00f3n ni de los fiscales. En ese marco, se habr\u00eda dispuesto una investigaci\u00f3n administrativa interna para determinar c\u00f3mo la informaci\u00f3n lleg\u00f3 a los medios.<\/p>\n<blockquote class=\"instagram-media\" style=\"background: #FFF; border: 0; border-radius: 3px; box-shadow: 0 0 1px 0 rgba(0,0,0,0.5),0 1px 10px 0 rgba(0,0,0,0.15); margin: 1px; max-width: 540px; min-width: 326px; padding: 0; width: calc(100% - 2px);\" data-instgrm-captioned=\"\" data-instgrm-permalink=\"https:\/\/www.instagram.com\/reel\/DV07UxRDfVy\/?utm_source=ig_embed&amp;utm_campaign=loading\" data-instgrm-version=\"14\">\n<div style=\"padding: 16px;\">\n<p>&nbsp;<\/p>\n<div style=\"display: flex; flex-direction: row; align-items: center;\">\n<div style=\"background-color: #f4f4f4; border-radius: 50%; flex-grow: 0; height: 40px; margin-right: 14px; width: 40px;\"><\/div>\n<div style=\"display: flex; flex-direction: column; flex-grow: 1; justify-content: center;\">\n<div style=\"background-color: #f4f4f4; border-radius: 4px; flex-grow: 0; height: 14px; margin-bottom: 6px; width: 100px;\"><\/div>\n<div style=\"background-color: #f4f4f4; border-radius: 4px; flex-grow: 0; height: 14px; width: 60px;\"><\/div>\n<\/div>\n<\/div>\n<div style=\"padding: 19% 0;\"><\/div>\n<div style=\"display: block; height: 50px; margin: 0 auto 12px; width: 50px;\"><\/div>\n<div style=\"padding-top: 8px;\">\n<div style=\"color: #3897f0; font-family: Arial,sans-serif; font-size: 14px; font-style: normal; font-weight: 550; line-height: 18px;\">Ver esta publicaci\u00f3n en Instagram<\/div>\n<\/div>\n<div style=\"padding: 12.5% 0;\"><\/div>\n<div style=\"display: flex; flex-direction: row; margin-bottom: 14px; align-items: center;\">\n<div>\n<div style=\"background-color: #f4f4f4; border-radius: 50%; height: 12.5px; width: 12.5px; transform: translateX(0px) translateY(7px);\"><\/div>\n<div style=\"background-color: #f4f4f4; height: 12.5px; transform: rotate(-45deg) translateX(3px) translateY(1px); width: 12.5px; flex-grow: 0; margin-right: 14px; margin-left: 2px;\"><\/div>\n<div style=\"background-color: #f4f4f4; border-radius: 50%; height: 12.5px; width: 12.5px; transform: translateX(9px) translateY(-18px);\"><\/div>\n<\/div>\n<div style=\"margin-left: 8px;\">\n<div style=\"background-color: #f4f4f4; border-radius: 50%; flex-grow: 0; height: 20px; width: 20px;\"><\/div>\n<div style=\"width: 0; height: 0; border-top: 2px solid transparent; border-left: 6px solid #f4f4f4; border-bottom: 2px solid transparent; transform: translateX(16px) translateY(-4px) rotate(30deg);\"><\/div>\n<\/div>\n<div style=\"margin-left: auto;\">\n<div style=\"width: 0px; border-top: 8px solid #F4F4F4; border-right: 8px solid transparent; transform: translateY(16px);\"><\/div>\n<div style=\"background-color: #f4f4f4; flex-grow: 0; height: 12px; width: 16px; transform: translateY(-4px);\"><\/div>\n<div style=\"width: 0; height: 0; border-top: 8px solid #F4F4F4; border-left: 8px solid transparent; transform: translateY(-4px) translateX(8px);\"><\/div>\n<\/div>\n<\/div>\n<div style=\"display: flex; flex-direction: column; flex-grow: 1; justify-content: center; margin-bottom: 24px;\">\n<div style=\"background-color: #f4f4f4; border-radius: 4px; flex-grow: 0; height: 14px; margin-bottom: 6px; width: 224px;\"><\/div>\n<div style=\"background-color: #f4f4f4; border-radius: 4px; flex-grow: 0; height: 14px; width: 144px;\"><\/div>\n<\/div>\n<p>&nbsp;<\/p>\n<p style=\"color: #c9c8cd; font-family: Arial,sans-serif; font-size: 14px; line-height: 17px; margin-bottom: 0; margin-top: 8px; overflow: hidden; padding: 8px 0 7px; text-align: center; text-overflow: ellipsis; white-space: nowrap;\"><a style=\"color: #c9c8cd; font-family: Arial,sans-serif; font-size: 14px; font-style: normal; font-weight: normal; line-height: 17px; text-decoration: none;\" href=\"https:\/\/www.instagram.com\/reel\/DV07UxRDfVy\/?utm_source=ig_embed&amp;utm_campaign=loading\" target=\"_blank\" rel=\"noopener\">Una publicaci\u00f3n compartida por Aries On Line &#8211; FM 91.1 (@aries_online)<\/a><\/p>\n<\/div>\n<\/blockquote>\n<p><script async src=\"\/\/www.instagram.com\/embed.js\"><\/script><\/p>\n<p><strong>Urtubey, Cristina y Sarkozy: \u201cYo no llam\u00e9 a que se los cite\u201d<\/strong><\/p>\n<p>Bouvier record\u00f3 que su audiencia fue grabada y que el registro fue entregado en un CD, lo que \u2014seg\u00fan se\u00f1al\u00f3\u2014 pudo haber facilitado la circulaci\u00f3n del contenido. \u201cCuando varias personas participan, siempre puede haber filtraciones\u201d, afirm\u00f3.<\/p>\n<p>Por otra parte, Bouvier tambi\u00e9n aclar\u00f3 las versiones que indicaban que hab\u00eda pedido que declaren el expresidente franc\u00e9s Nicolas Sarkozy, la exmandataria argentina Cristina Fern\u00e1ndez de Kirchner y el exgobernador salte\u00f1o Juan Manuel Urtubey. Seg\u00fan explic\u00f3, su intenci\u00f3n no fue solicitar citaciones judiciales, sino describir el contexto pol\u00edtico en el que se desarroll\u00f3 la investigaci\u00f3n tras el crimen.<\/p>\n<p>\u201cEl Tribuno dice eso, pero yo no llam\u00e9 a que se los cite. Solo expliqu\u00e9 el contexto en el que se llev\u00f3 adelante la investigaci\u00f3n\u201d, sostuvo. En ese sentido, record\u00f3 que el asesinato de las turistas gener\u00f3 un fuerte impacto tanto en Salta como en Francia. \u201cFue un shock para Salta, pero tambi\u00e9n para Francia, y el expresidente Sarkozy pidi\u00f3 explicaciones fuertes a Argentina\u201d, agreg\u00f3.<\/p>\n","protected":false},"excerpt":{"rendered":"<p>El padre de Cassandre Bouvier cuestion\u00f3 la publicaci\u00f3n de la informaci\u00f3n sobre su testimonio, del cual no quiso dar detalles y dijo que hubo \u201cdeformaciones de la realidad\u201d que generaron malestar pol\u00edtico internacional. El medio en cuesti\u00f3n titul\u00f3 \u201cBouvier pidi\u00f3 a fiscales que declaren Sarkozy, Cristina Kirchner y Urtubey\u201d.<\/p>\n","protected":false},"author":2,"featured_media":13720,"comment_status":"open","ping_status":"closed","sticky":false,"template":"","format":"standard","meta":{"footnotes":""},"categories":[6],"tags":[1394,590,173,604,192],"class_list":["post-13719","post","type-post","status-publish","format-standard","has-post-thumbnail","hentry","category-notas","tag-cassandre-bouvier-y-de-houria-moumni","tag-cristina-kirchner","tag-jean-michel-bouvier","tag-juan-manuel-urtubey","tag-nicolas-sarkozy"],"_links":{"self":[{"href":"https:\/\/muycritico.com.ar\/web\/index.php?rest_route=\/wp\/v2\/posts\/13719","targetHints":{"allow":["GET"]}}],"collection":[{"href":"https:\/\/muycritico.com.ar\/web\/index.php?rest_route=\/wp\/v2\/posts"}],"about":[{"href":"https:\/\/muycritico.com.ar\/web\/index.php?rest_route=\/wp\/v2\/types\/post"}],"author":[{"embeddable":true,"href":"https:\/\/muycritico.com.ar\/web\/index.php?rest_route=\/wp\/v2\/users\/2"}],"replies":[{"embeddable":true,"href":"https:\/\/muycritico.com.ar\/web\/index.php?rest_route=%2Fwp%2Fv2%2Fcomments&post=13719"}],"version-history":[{"count":3,"href":"https:\/\/muycritico.com.ar\/web\/index.php?rest_route=\/wp\/v2\/posts\/13719\/revisions"}],"predecessor-version":[{"id":13727,"href":"https:\/\/muycritico.com.ar\/web\/index.php?rest_route=\/wp\/v2\/posts\/13719\/revisions\/13727"}],"wp:featuredmedia":[{"embeddable":true,"href":"https:\/\/muycritico.com.ar\/web\/index.php?rest_route=\/wp\/v2\/media\/13720"}],"wp:attachment":[{"href":"https:\/\/muycritico.com.ar\/web\/index.php?rest_route=%2Fwp%2Fv2%2Fmedia&parent=13719"}],"wp:term":[{"taxonomy":"category","embeddable":true,"href":"https:\/\/muycritico.com.ar\/web\/index.php?rest_route=%2Fwp%2Fv2%2Fcategories&post=13719"},{"taxonomy":"post_tag","embeddable":true,"href":"https:\/\/muycritico.com.ar\/web\/index.php?rest_route=%2Fwp%2Fv2%2Ftags&post=13719"}],"curies":[{"name":"wp","href":"https:\/\/api.w.org\/{rel}","templated":true}]}}