{"id":13711,"date":"2026-03-12T20:32:44","date_gmt":"2026-03-12T23:32:44","guid":{"rendered":"https:\/\/muycritico.com.ar\/web\/?p=13711"},"modified":"2026-03-12T20:43:55","modified_gmt":"2026-03-12T23:43:55","slug":"ada-zunino-juro-como-defensora-general-de-la-provincia","status":"publish","type":"post","link":"https:\/\/muycritico.com.ar\/web\/?p=13711","title":{"rendered":"ADA ZUNINO JUR\u00d3 COMO DEFENSORA GENERAL DE LA PROVINCIA"},"content":{"rendered":"<p><strong>El vicegobernador Antonio Marocco particip\u00f3 en la ceremonia y expres\u00f3 sus deseos de una gesti\u00f3n fruct\u00edfera, a la altura de los desaf\u00edos que implica garantizar el acceso a la defensa y a los derechos de todos los salte\u00f1os.<\/strong><\/p>\n<p><!--more--><\/p>\n<p>El vicegobernador Antonio Marocco particip\u00f3 del acto de juramento de la Dra. Ada Guillermina Zunino como Defensora General de la Provincia, realizado en la sede del Ministerio P\u00fablico de Salta.<\/p>\n<p>Durante la ceremonia, Marocco acompa\u00f1\u00f3 el acto institucional y destac\u00f3 la importancia de seguir fortaleciendo el sistema de Justicia, una tarea que \u2014se\u00f1al\u00f3\u2014 &#8220;requiere compromiso permanente, responsabilidad y vocaci\u00f3n de servicio&#8221;.<\/p>\n<p><img loading=\"lazy\" decoding=\"async\" class=\"aligncenter size-full wp-image-13713\" src=\"https:\/\/muycritico.com.ar\/web\/wp-content\/uploads\/2026\/03\/ADA-ZUNINO2.jpg\" alt=\"\" width=\"1048\" height=\"592\" srcset=\"https:\/\/muycritico.com.ar\/web\/wp-content\/uploads\/2026\/03\/ADA-ZUNINO2.jpg 1048w, https:\/\/muycritico.com.ar\/web\/wp-content\/uploads\/2026\/03\/ADA-ZUNINO2-768x434.jpg 768w\" sizes=\"auto, (max-width: 1048px) 100vw, 1048px\" \/><\/p>\n<p>En ese marco, el vicegobernador expres\u00f3 sus deseos de una gesti\u00f3n fruct\u00edfera para la Dra. Zunino, a la altura de los desaf\u00edos que implica garantizar el acceso a la defensa y a los derechos de todos los salte\u00f1os.<\/p>\n<p>El acto fue encabezado por el Procurador General de la Provincia y presidente del Colegio de Gobierno del Ministerio P\u00fablico, Pedro Garc\u00eda Castiella, y la asesora General de Incapaces y vicepresidenta del Colegio de Gobierno del Ministerio P\u00fablico, Mirta Lapad.<\/p>\n<p>Participaron adem\u00e1s el secretario de Justicia, Javier M\u00f3nico; jueces de la Corte de Justicia; funcionarios judiciales; legisladores provinciales e intendentes, entre otras autoridades.<\/p>\n<p><img loading=\"lazy\" decoding=\"async\" class=\"aligncenter size-full wp-image-13716\" src=\"https:\/\/muycritico.com.ar\/web\/wp-content\/uploads\/2026\/03\/ADA-ZUNINO-.jpg\" alt=\"\" width=\"711\" height=\"873\" \/><\/p>\n","protected":false},"excerpt":{"rendered":"<p>El vicegobernador Antonio Marocco particip\u00f3 en la ceremonia y expres\u00f3 sus deseos de una gesti\u00f3n fruct\u00edfera, a la altura de los desaf\u00edos que implica garantizar el acceso a la defensa y a los derechos de todos los salte\u00f1os.<\/p>\n","protected":false},"author":2,"featured_media":13712,"comment_status":"open","ping_status":"closed","sticky":false,"template":"","format":"standard","meta":{"footnotes":""},"categories":[6],"tags":[1038,873],"class_list":["post-13711","post","type-post","status-publish","format-standard","has-post-thumbnail","hentry","category-notas","tag-ada-zunino","tag-garcia-castiella"],"_links":{"self":[{"href":"https:\/\/muycritico.com.ar\/web\/index.php?rest_route=\/wp\/v2\/posts\/13711","targetHints":{"allow":["GET"]}}],"collection":[{"href":"https:\/\/muycritico.com.ar\/web\/index.php?rest_route=\/wp\/v2\/posts"}],"about":[{"href":"https:\/\/muycritico.com.ar\/web\/index.php?rest_route=\/wp\/v2\/types\/post"}],"author":[{"embeddable":true,"href":"https:\/\/muycritico.com.ar\/web\/index.php?rest_route=\/wp\/v2\/users\/2"}],"replies":[{"embeddable":true,"href":"https:\/\/muycritico.com.ar\/web\/index.php?rest_route=%2Fwp%2Fv2%2Fcomments&post=13711"}],"version-history":[{"count":3,"href":"https:\/\/muycritico.com.ar\/web\/index.php?rest_route=\/wp\/v2\/posts\/13711\/revisions"}],"predecessor-version":[{"id":13717,"href":"https:\/\/muycritico.com.ar\/web\/index.php?rest_route=\/wp\/v2\/posts\/13711\/revisions\/13717"}],"wp:featuredmedia":[{"embeddable":true,"href":"https:\/\/muycritico.com.ar\/web\/index.php?rest_route=\/wp\/v2\/media\/13712"}],"wp:attachment":[{"href":"https:\/\/muycritico.com.ar\/web\/index.php?rest_route=%2Fwp%2Fv2%2Fmedia&parent=13711"}],"wp:term":[{"taxonomy":"category","embeddable":true,"href":"https:\/\/muycritico.com.ar\/web\/index.php?rest_route=%2Fwp%2Fv2%2Fcategories&post=13711"},{"taxonomy":"post_tag","embeddable":true,"href":"https:\/\/muycritico.com.ar\/web\/index.php?rest_route=%2Fwp%2Fv2%2Ftags&post=13711"}],"curies":[{"name":"wp","href":"https:\/\/api.w.org\/{rel}","templated":true}]}}