{"id":13695,"date":"2026-03-12T15:20:03","date_gmt":"2026-03-12T18:20:03","guid":{"rendered":"https:\/\/muycritico.com.ar\/web\/?p=13695"},"modified":"2026-03-12T17:06:05","modified_gmt":"2026-03-12T20:06:05","slug":"el-galpon-se-inicio-el-llamado-a-oferentes-para-la-obra-del-nuevo-pozo-de-agua-en-barrio-san-roque","status":"publish","type":"post","link":"https:\/\/muycritico.com.ar\/web\/?p=13695","title":{"rendered":"EL GALP\u00d3N: SE INICI\u00d3 EL LLAMADO A OFERENTES PARA LA OBRA DEL NUEVO POZO DE AGUA EN BARRIO SAN ROQUE"},"content":{"rendered":"<p><strong>El intendente Federico Sacca anunci\u00f3 el inicio del llamado a oferentes para la construcci\u00f3n de un nuevo pozo de agua en barrio San Roque, una obra muy esperada por vecinos de distintos sectores de la localidad.<\/strong><\/p>\n<p><!--more--><\/p>\n<p>El anuncio se dio tras una reuni\u00f3n que el jefe comunal mantuvo con el ministro de Gobierno de la Provincia y presidente de Aguas del Norte, <strong>Ignacio Jars\u00fan<\/strong>, donde se confirm\u00f3 el inicio del proceso de contrataci\u00f3n para avanzar con el proyecto.<\/p>\n<blockquote class=\"instagram-media\" style=\"background: #FFF; border: 0; border-radius: 3px; box-shadow: 0 0 1px 0 rgba(0,0,0,0.5),0 1px 10px 0 rgba(0,0,0,0.15); margin: 1px; max-width: 540px; min-width: 326px; padding: 0; width: calc(100% - 2px);\" data-instgrm-captioned=\"\" data-instgrm-permalink=\"https:\/\/www.instagram.com\/reel\/DVy_a_xEcI-\/?utm_source=ig_embed&amp;utm_campaign=loading\" data-instgrm-version=\"14\">\n<div style=\"padding: 16px;\">\n<p>&nbsp;<\/p>\n<div style=\"display: flex; flex-direction: row; align-items: center;\">\n<div style=\"background-color: #f4f4f4; border-radius: 50%; flex-grow: 0; height: 40px; margin-right: 14px; width: 40px;\"><\/div>\n<div style=\"display: flex; flex-direction: column; flex-grow: 1; justify-content: center;\">\n<div style=\"background-color: #f4f4f4; border-radius: 4px; flex-grow: 0; height: 14px; margin-bottom: 6px; width: 100px;\"><\/div>\n<div style=\"background-color: #f4f4f4; border-radius: 4px; flex-grow: 0; height: 14px; width: 60px;\"><\/div>\n<\/div>\n<\/div>\n<div style=\"padding: 19% 0;\"><\/div>\n<div style=\"display: block; height: 50px; margin: 0 auto 12px; width: 50px;\"><\/div>\n<div style=\"padding-top: 8px;\">\n<div style=\"color: #3897f0; font-family: Arial,sans-serif; font-size: 14px; font-style: normal; font-weight: 550; line-height: 18px;\">Ver esta publicaci\u00f3n en Instagram<\/div>\n<\/div>\n<div style=\"padding: 12.5% 0;\"><\/div>\n<div style=\"display: flex; flex-direction: row; margin-bottom: 14px; align-items: center;\">\n<div>\n<div style=\"background-color: #f4f4f4; border-radius: 50%; height: 12.5px; width: 12.5px; transform: translateX(0px) translateY(7px);\"><\/div>\n<div style=\"background-color: #f4f4f4; height: 12.5px; transform: rotate(-45deg) translateX(3px) translateY(1px); width: 12.5px; flex-grow: 0; margin-right: 14px; margin-left: 2px;\"><\/div>\n<div style=\"background-color: #f4f4f4; border-radius: 50%; height: 12.5px; width: 12.5px; transform: translateX(9px) translateY(-18px);\"><\/div>\n<\/div>\n<div style=\"margin-left: 8px;\">\n<div style=\"background-color: #f4f4f4; border-radius: 50%; flex-grow: 0; height: 20px; width: 20px;\"><\/div>\n<div style=\"width: 0; height: 0; border-top: 2px solid transparent; border-left: 6px solid #f4f4f4; border-bottom: 2px solid transparent; transform: translateX(16px) translateY(-4px) rotate(30deg);\"><\/div>\n<\/div>\n<div style=\"margin-left: auto;\">\n<div style=\"width: 0px; border-top: 8px solid #F4F4F4; border-right: 8px solid transparent; transform: translateY(16px);\"><\/div>\n<div style=\"background-color: #f4f4f4; flex-grow: 0; height: 12px; width: 16px; transform: translateY(-4px);\"><\/div>\n<div style=\"width: 0; height: 0; border-top: 8px solid #F4F4F4; border-left: 8px solid transparent; transform: translateY(-4px) translateX(8px);\"><\/div>\n<\/div>\n<\/div>\n<div style=\"display: flex; flex-direction: column; flex-grow: 1; justify-content: center; margin-bottom: 24px;\">\n<div style=\"background-color: #f4f4f4; border-radius: 4px; flex-grow: 0; height: 14px; margin-bottom: 6px; width: 224px;\"><\/div>\n<div style=\"background-color: #f4f4f4; border-radius: 4px; flex-grow: 0; height: 14px; width: 144px;\"><\/div>\n<\/div>\n<p>&nbsp;<\/p>\n<p style=\"color: #c9c8cd; font-family: Arial,sans-serif; font-size: 14px; line-height: 17px; margin-bottom: 0; margin-top: 8px; overflow: hidden; padding: 8px 0 7px; text-align: center; text-overflow: ellipsis; white-space: nowrap;\"><a style=\"color: #c9c8cd; font-family: Arial,sans-serif; font-size: 14px; font-style: normal; font-weight: normal; line-height: 17px; text-decoration: none;\" href=\"https:\/\/www.instagram.com\/reel\/DVy_a_xEcI-\/?utm_source=ig_embed&amp;utm_campaign=loading\" target=\"_blank\" rel=\"noopener\">Una publicaci\u00f3n compartida por Muy Critico (@muycriticodigital)<\/a><\/p>\n<\/div>\n<\/blockquote>\n<p><script async src=\"\/\/www.instagram.com\/embed.js\"><\/script><\/p>\n<p>El nuevo pozo permitir\u00e1 mejorar el abastecimiento de agua para familias de barrio Congreso, el asentamiento Esperanza, el sector del cementerio y la zona de la Escuela Agrot\u00e9cnica, lugares que desde hace tiempo vienen planteando la necesidad de fortalecer el servicio.<\/p>\n<p><img loading=\"lazy\" decoding=\"async\" class=\"aligncenter size-full wp-image-13697\" src=\"https:\/\/muycritico.com.ar\/web\/wp-content\/uploads\/2026\/03\/SACCA-JARSUN2.jpg\" alt=\"\" width=\"1040\" height=\"780\" srcset=\"https:\/\/muycritico.com.ar\/web\/wp-content\/uploads\/2026\/03\/SACCA-JARSUN2.jpg 1040w, https:\/\/muycritico.com.ar\/web\/wp-content\/uploads\/2026\/03\/SACCA-JARSUN2-768x576.jpg 768w\" sizes=\"auto, (max-width: 1040px) 100vw, 1040px\" \/><\/p>\n<p>Adem\u00e1s, junto a los vecinos del asentamiento Esperanza se avanzar\u00e1 en la regularizaci\u00f3n de las redes de agua y de las conexiones domiciliarias, lo que permitir\u00e1 ordenar el sistema y mejorar la prestaci\u00f3n.<\/p>\n<p>El Jefe Comunal destac\u00f3 el acompa\u00f1amiento del Gobernador Gustavo S\u00e1enz y del ministro Jars\u00fan, remarcando que este avance es fruto del trabajo conjunto entre Provincia y Municipio para seguir dando respuestas a los galponenses.<\/p>\n","protected":false},"excerpt":{"rendered":"<p>El intendente Federico Sacca anunci\u00f3 el inicio del llamado a oferentes para la construcci\u00f3n de un nuevo pozo de agua en barrio San Roque, una obra muy esperada por vecinos de distintos sectores de la localidad.<\/p>\n","protected":false},"author":2,"featured_media":13696,"comment_status":"open","ping_status":"closed","sticky":false,"template":"","format":"standard","meta":{"footnotes":""},"categories":[6],"tags":[1239,895],"class_list":["post-13695","post","type-post","status-publish","format-standard","has-post-thumbnail","hentry","category-notas","tag-federico-jose-sacca","tag-ignacio-jarsun"],"_links":{"self":[{"href":"https:\/\/muycritico.com.ar\/web\/index.php?rest_route=\/wp\/v2\/posts\/13695","targetHints":{"allow":["GET"]}}],"collection":[{"href":"https:\/\/muycritico.com.ar\/web\/index.php?rest_route=\/wp\/v2\/posts"}],"about":[{"href":"https:\/\/muycritico.com.ar\/web\/index.php?rest_route=\/wp\/v2\/types\/post"}],"author":[{"embeddable":true,"href":"https:\/\/muycritico.com.ar\/web\/index.php?rest_route=\/wp\/v2\/users\/2"}],"replies":[{"embeddable":true,"href":"https:\/\/muycritico.com.ar\/web\/index.php?rest_route=%2Fwp%2Fv2%2Fcomments&post=13695"}],"version-history":[{"count":2,"href":"https:\/\/muycritico.com.ar\/web\/index.php?rest_route=\/wp\/v2\/posts\/13695\/revisions"}],"predecessor-version":[{"id":13705,"href":"https:\/\/muycritico.com.ar\/web\/index.php?rest_route=\/wp\/v2\/posts\/13695\/revisions\/13705"}],"wp:featuredmedia":[{"embeddable":true,"href":"https:\/\/muycritico.com.ar\/web\/index.php?rest_route=\/wp\/v2\/media\/13696"}],"wp:attachment":[{"href":"https:\/\/muycritico.com.ar\/web\/index.php?rest_route=%2Fwp%2Fv2%2Fmedia&parent=13695"}],"wp:term":[{"taxonomy":"category","embeddable":true,"href":"https:\/\/muycritico.com.ar\/web\/index.php?rest_route=%2Fwp%2Fv2%2Fcategories&post=13695"},{"taxonomy":"post_tag","embeddable":true,"href":"https:\/\/muycritico.com.ar\/web\/index.php?rest_route=%2Fwp%2Fv2%2Ftags&post=13695"}],"curies":[{"name":"wp","href":"https:\/\/api.w.org\/{rel}","templated":true}]}}