{"id":13692,"date":"2026-03-12T13:12:24","date_gmt":"2026-03-12T16:12:24","guid":{"rendered":"https:\/\/muycritico.com.ar\/web\/?p=13692"},"modified":"2026-03-12T13:12:24","modified_gmt":"2026-03-12T16:12:24","slug":"caco-robaba-de-la-fundacion-hope-le-dictaron-la-prision-preventiva","status":"publish","type":"post","link":"https:\/\/muycritico.com.ar\/web\/?p=13692","title":{"rendered":"CACO ROBABA DE LA FUNDACI\u00d3N HOPE: LE DICTARON LA PRISI\u00d3N PREVENTIVA"},"content":{"rendered":"<p><strong>El imputado ingres\u00f3 al predio y se apoder\u00f3 ileg\u00edtimamente de dos autos de juguete a bater\u00eda, para luego retirarse. Fue encontrado durmiendo en una camioneta abandonada en las proximidades.<\/strong><\/p>\n<p><!--more--><\/p>\n<p>La doctora Karina Holmquist Moreira, bajo expresas directivas del fiscal penal Ramiro Ramos Ossorio, interino en la Fiscal\u00eda Penal 2, represent\u00f3 al Ministerio P\u00fablico Fiscal en la audiencia flexible y multiprop\u00f3sito fijada por la Oficina de Gesti\u00f3n Judicial (OfiJu) en el marco del Plan Piloto de Oralidad, donde se analiz\u00f3 el pedido de prisi\u00f3n preventiva realizado oportunamente para un hombre de 29 a\u00f1os, imputado como autor del delito de hurto.<\/p>\n<p>El juez de Garant\u00edas del distrito Centro, Antonio Pastrana, luego de analizar los fundamentos esgrimidos por las partes, hizo lugar a lo solicitado por el fiscal Ramos Ossorio y dict\u00f3 la prisi\u00f3n preventiva del acusado en atenci\u00f3n a los riesgos procesales de fuga y\/o entorpecimiento de la investigaci\u00f3n y sus antecedentes.<\/p>\n<p>El hecho investigado ocurri\u00f3 durante la madrugada del pasado 18 de febrero en calle Alvear al 1300 de de la ciudad de Salta, cuando personas desconocidas ingresaron con fines delictivos al predio de Fundaci\u00f3n HOPE, para luego huir.<\/p>\n<p>La denuncia fue realizada por las autoridades de la organizaci\u00f3n, una vez que se dieron cuenta del faltante de dos autos de juguete a bater\u00eda que utilizan los ni\u00f1os para recrearse, uno color blanco y otro color amarillo.<\/p>\n<p>A partir del an\u00e1lisis de c\u00e1maras de seguridad, efectivos del Centro de Coordinaci\u00f3n Operativa detuvieron a un hombre sindicado como sospechoso durmiendo en una camioneta estacionada en la v\u00eda p\u00fablica, en aparente estado de abandono.<\/p>\n","protected":false},"excerpt":{"rendered":"<p>El imputado ingres\u00f3 al predio y se apoder\u00f3 ileg\u00edtimamente de dos autos de juguete a bater\u00eda, para luego retirarse. Fue encontrado durmiendo en una camioneta abandonada en las proximidades.<\/p>\n","protected":false},"author":2,"featured_media":13693,"comment_status":"open","ping_status":"closed","sticky":false,"template":"","format":"standard","meta":{"footnotes":""},"categories":[6],"tags":[],"class_list":["post-13692","post","type-post","status-publish","format-standard","has-post-thumbnail","hentry","category-notas"],"_links":{"self":[{"href":"https:\/\/muycritico.com.ar\/web\/index.php?rest_route=\/wp\/v2\/posts\/13692","targetHints":{"allow":["GET"]}}],"collection":[{"href":"https:\/\/muycritico.com.ar\/web\/index.php?rest_route=\/wp\/v2\/posts"}],"about":[{"href":"https:\/\/muycritico.com.ar\/web\/index.php?rest_route=\/wp\/v2\/types\/post"}],"author":[{"embeddable":true,"href":"https:\/\/muycritico.com.ar\/web\/index.php?rest_route=\/wp\/v2\/users\/2"}],"replies":[{"embeddable":true,"href":"https:\/\/muycritico.com.ar\/web\/index.php?rest_route=%2Fwp%2Fv2%2Fcomments&post=13692"}],"version-history":[{"count":1,"href":"https:\/\/muycritico.com.ar\/web\/index.php?rest_route=\/wp\/v2\/posts\/13692\/revisions"}],"predecessor-version":[{"id":13694,"href":"https:\/\/muycritico.com.ar\/web\/index.php?rest_route=\/wp\/v2\/posts\/13692\/revisions\/13694"}],"wp:featuredmedia":[{"embeddable":true,"href":"https:\/\/muycritico.com.ar\/web\/index.php?rest_route=\/wp\/v2\/media\/13693"}],"wp:attachment":[{"href":"https:\/\/muycritico.com.ar\/web\/index.php?rest_route=%2Fwp%2Fv2%2Fmedia&parent=13692"}],"wp:term":[{"taxonomy":"category","embeddable":true,"href":"https:\/\/muycritico.com.ar\/web\/index.php?rest_route=%2Fwp%2Fv2%2Fcategories&post=13692"},{"taxonomy":"post_tag","embeddable":true,"href":"https:\/\/muycritico.com.ar\/web\/index.php?rest_route=%2Fwp%2Fv2%2Ftags&post=13692"}],"curies":[{"name":"wp","href":"https:\/\/api.w.org\/{rel}","templated":true}]}}