{"id":13689,"date":"2026-03-12T10:59:17","date_gmt":"2026-03-12T13:59:17","guid":{"rendered":"https:\/\/muycritico.com.ar\/web\/?p=13689"},"modified":"2026-03-12T10:59:17","modified_gmt":"2026-03-12T13:59:17","slug":"senadores-millonarios-ganaran-mas-de-11-veces-de-lo-que-cobra-un-trabajador-promedio-en-la-argentina","status":"publish","type":"post","link":"https:\/\/muycritico.com.ar\/web\/?p=13689","title":{"rendered":"SENADORES MILLONARIOS: GANARAN M\u00c1S DE 11 VECES DE LO QUE COBRA UN TRABAJADOR PROMEDIO EN LA ARGENTINA"},"content":{"rendered":"<p><strong>Cada vez m\u00e1s lejos de la gente, proclamaban no pertenecer a la casta y ahora se aumentan los sueldos de forma sideral. Los gremios que nuclean a los senadores acordaron un aumento de sueldos del 11,9% escalonado entre diciembre de 2025 hasta mayo de este a\u00f1o. La pol\u00edtica obscena una vez m\u00e1s en la mira de la discusi\u00f3n<\/strong><\/p>\n<p><!--more--><\/p>\n<p>Aterrizaron en el poder prometiendo no comulgar con los viejos vicios de la pol\u00edtica que quebr\u00f3 a la Argentina y ahora est\u00e1n haciendo exactamente lo mismo. Se llenaron la boca criticando a la \u201ccasta pol\u00edtica\u201d; su l\u00edder y actual presidente Javier Milei gritaba a los cuatro vientos que todos eran unos pol\u00edticos ladrones y en la actualidad su funcionario estrella y jefe de gabinetes usa el avi\u00f3n presidencial \u201ccomo un Uber\u201d, como se lo remarc\u00f3 el periodista Eduardo Feinman.<\/p>\n<p>Como si el esc\u00e1ndalo de Adorni no alcanzara hace unas horas se conoci\u00f3 la noticia de que los senadores se aumentaron los opulentos sueldos que ganan. Tras una reuni\u00f3n en la Secretar\u00eda Administrativa de Diputados, los gremios y legisladores del Congreso acordaron un aumento de sueldos escalonado de 11,9%. Ser\u00e1 del 2% por diciembre 2025; un 2,5% correspondiente a enero; 2,2% por febrero; m\u00e1s 2% de marzo; 1,7% en abril y 1,5% en mayo.<\/p>\n<p>Ese acumulado hace una suma total del 11,9% de aumento. El incremento responde a un mecanismo autom\u00e1tico que vincula los haberes de los trabajadores del Congreso a las dietas de los legisladores. Es decir, con cada aumento que percibe el personal, tambi\u00e9n sube el sueldo de los senadores, que pasar\u00e1 a 11,5 millones de pesos.<\/p>\n<p>En junio de 2025 ya hab\u00edan logrado un incremento notable llegando a los 9,5 millones de pesos.<\/p>\n<p>Este mecanismo se implementa desde abril de 2024, cuando los propios senadores aprobaron un sistema de c\u00e1lculo de sus dietas basado en 2500 m\u00f3dulos equivalentes a los salarios de los empleados legislativos, sumados a 1000 m\u00f3dulos por gastos de representaci\u00f3n y 500 adicionales por desarraigo, totalizando 4000 m\u00f3dulos. Adem\u00e1s, se incorpor\u00f3 una decimotercera dieta anual para compensar el aguinaldo.<\/p>\n<p>Distinto es el aumento para los diputados nacionales. Sus dietas est\u00e1n desacopladas de los aumentos salariales de los trabajadores legislativos.<\/p>\n<p>As\u00ed las cosas Esto llevar\u00e1 las dietas de los senadores a una cifra en bruto cercana a los 11.500.000 pesos, a la que se le debe descontar el 35% por impuesto a las ganancias y lo correspondiente a los aportes previsionales, entre otros \u00edtems.<\/p>\n<p>La resoluci\u00f3n fue firmada por el Senado por el secretario Administrativo, Alejandro Fitzgerald y por el secretario Parlamentario, Agust\u00edn Giustinian; por Diputados Laura Oriolo, secretaria Administrativa y Adri\u00e1n Pag\u00e1n, secretario Parlamentario; Alejandro Santa, Director Coordinador de la Biblioteca del Congreso; Norberto Di Prospero, secretario General de APL; Mart\u00edn Roig, secretario general de UPCN Congreso y Claudio Britos, secretario General ATE Congreso.<\/p>\n","protected":false},"excerpt":{"rendered":"<p>Cada vez m\u00e1s lejos de la gente, proclamaban no pertenecer a la casta y ahora se aumentan los sueldos de forma sideral. Los gremios que nuclean a los senadores acordaron un aumento de sueldos del 11,9% escalonado entre diciembre de 2025 hasta mayo de este a\u00f1o. La pol\u00edtica obscena una vez m\u00e1s en la mira [&hellip;]<\/p>\n","protected":false},"author":2,"featured_media":13690,"comment_status":"open","ping_status":"closed","sticky":false,"template":"","format":"standard","meta":{"footnotes":""},"categories":[6],"tags":[],"class_list":["post-13689","post","type-post","status-publish","format-standard","has-post-thumbnail","hentry","category-notas"],"_links":{"self":[{"href":"https:\/\/muycritico.com.ar\/web\/index.php?rest_route=\/wp\/v2\/posts\/13689","targetHints":{"allow":["GET"]}}],"collection":[{"href":"https:\/\/muycritico.com.ar\/web\/index.php?rest_route=\/wp\/v2\/posts"}],"about":[{"href":"https:\/\/muycritico.com.ar\/web\/index.php?rest_route=\/wp\/v2\/types\/post"}],"author":[{"embeddable":true,"href":"https:\/\/muycritico.com.ar\/web\/index.php?rest_route=\/wp\/v2\/users\/2"}],"replies":[{"embeddable":true,"href":"https:\/\/muycritico.com.ar\/web\/index.php?rest_route=%2Fwp%2Fv2%2Fcomments&post=13689"}],"version-history":[{"count":1,"href":"https:\/\/muycritico.com.ar\/web\/index.php?rest_route=\/wp\/v2\/posts\/13689\/revisions"}],"predecessor-version":[{"id":13691,"href":"https:\/\/muycritico.com.ar\/web\/index.php?rest_route=\/wp\/v2\/posts\/13689\/revisions\/13691"}],"wp:featuredmedia":[{"embeddable":true,"href":"https:\/\/muycritico.com.ar\/web\/index.php?rest_route=\/wp\/v2\/media\/13690"}],"wp:attachment":[{"href":"https:\/\/muycritico.com.ar\/web\/index.php?rest_route=%2Fwp%2Fv2%2Fmedia&parent=13689"}],"wp:term":[{"taxonomy":"category","embeddable":true,"href":"https:\/\/muycritico.com.ar\/web\/index.php?rest_route=%2Fwp%2Fv2%2Fcategories&post=13689"},{"taxonomy":"post_tag","embeddable":true,"href":"https:\/\/muycritico.com.ar\/web\/index.php?rest_route=%2Fwp%2Fv2%2Ftags&post=13689"}],"curies":[{"name":"wp","href":"https:\/\/api.w.org\/{rel}","templated":true}]}}