{"id":13686,"date":"2026-03-12T09:58:27","date_gmt":"2026-03-12T12:58:27","guid":{"rendered":"https:\/\/muycritico.com.ar\/web\/?p=13686"},"modified":"2026-03-12T09:58:27","modified_gmt":"2026-03-12T12:58:27","slug":"se-suspende-el-mercado-en-tu-barrio-en-santa-lucia","status":"publish","type":"post","link":"https:\/\/muycritico.com.ar\/web\/?p=13686","title":{"rendered":"SE SUSPENDE \u201cEL MERCADO EN TU BARRIO\u201d EN SANTA LUC\u00cdA"},"content":{"rendered":"<p><strong>La Municipalidad de Salta anunci\u00f3 la postergaci\u00f3n de la feria prevista para ma\u00f1ana por pron\u00f3stico de lluvias, buscando resguardar a vecinos y feriantes.<\/strong><\/p>\n<p><!--more--><\/p>\n<p>La Municipalidad de Salta informa que, debido al pron\u00f3stico de lluvias que se extender\u00eda durante varios d\u00edas, se suspende la edici\u00f3n del programa \u201cEl Mercado en tu Barrio\u201d que estaba prevista para ma\u00f1ana jueves 12 de marzo en barrio Santa Luc\u00eda.<\/p>\n<p>La actividad iba a desarrollarse de 10 a 13, en la cancha La Rivera, ubicada en la intersecci\u00f3n de avenida Santa Oliva y calle Santa Marta con la participaci\u00f3n de productores y emprendedores que ofrecen alimentos y productos esenciales a precios accesibles.<\/p>\n<p>Desde la Secretar\u00eda de Gobierno indicaron que la suspensi\u00f3n se realiza con el objetivo de resguardar tanto a los vecinos como a los feriantes y garantizar el normal desarrollo de la actividad.<\/p>\n<p>Pr\u00f3ximamente se informar\u00e1 una nueva fecha para la realizaci\u00f3n del programa en la zona, a fin de que los vecinos puedan acceder a las ofertas en carnes, frutas, verduras, panificados, l\u00e1cteos y otros productos, adem\u00e1s de los servicios municipales previstos.<\/p>\n","protected":false},"excerpt":{"rendered":"<p>La Municipalidad de Salta anunci\u00f3 la postergaci\u00f3n de la feria prevista para ma\u00f1ana por pron\u00f3stico de lluvias, buscando resguardar a vecinos y feriantes.<\/p>\n","protected":false},"author":2,"featured_media":13687,"comment_status":"open","ping_status":"closed","sticky":false,"template":"","format":"standard","meta":{"footnotes":""},"categories":[6],"tags":[],"class_list":["post-13686","post","type-post","status-publish","format-standard","has-post-thumbnail","hentry","category-notas"],"_links":{"self":[{"href":"https:\/\/muycritico.com.ar\/web\/index.php?rest_route=\/wp\/v2\/posts\/13686","targetHints":{"allow":["GET"]}}],"collection":[{"href":"https:\/\/muycritico.com.ar\/web\/index.php?rest_route=\/wp\/v2\/posts"}],"about":[{"href":"https:\/\/muycritico.com.ar\/web\/index.php?rest_route=\/wp\/v2\/types\/post"}],"author":[{"embeddable":true,"href":"https:\/\/muycritico.com.ar\/web\/index.php?rest_route=\/wp\/v2\/users\/2"}],"replies":[{"embeddable":true,"href":"https:\/\/muycritico.com.ar\/web\/index.php?rest_route=%2Fwp%2Fv2%2Fcomments&post=13686"}],"version-history":[{"count":1,"href":"https:\/\/muycritico.com.ar\/web\/index.php?rest_route=\/wp\/v2\/posts\/13686\/revisions"}],"predecessor-version":[{"id":13688,"href":"https:\/\/muycritico.com.ar\/web\/index.php?rest_route=\/wp\/v2\/posts\/13686\/revisions\/13688"}],"wp:featuredmedia":[{"embeddable":true,"href":"https:\/\/muycritico.com.ar\/web\/index.php?rest_route=\/wp\/v2\/media\/13687"}],"wp:attachment":[{"href":"https:\/\/muycritico.com.ar\/web\/index.php?rest_route=%2Fwp%2Fv2%2Fmedia&parent=13686"}],"wp:term":[{"taxonomy":"category","embeddable":true,"href":"https:\/\/muycritico.com.ar\/web\/index.php?rest_route=%2Fwp%2Fv2%2Fcategories&post=13686"},{"taxonomy":"post_tag","embeddable":true,"href":"https:\/\/muycritico.com.ar\/web\/index.php?rest_route=%2Fwp%2Fv2%2Ftags&post=13686"}],"curies":[{"name":"wp","href":"https:\/\/api.w.org\/{rel}","templated":true}]}}