{"id":13682,"date":"2026-03-11T16:47:44","date_gmt":"2026-03-11T19:47:44","guid":{"rendered":"https:\/\/muycritico.com.ar\/web\/?p=13682"},"modified":"2026-03-11T16:47:44","modified_gmt":"2026-03-11T19:47:44","slug":"anta-junto-a-diputados-se-abordara-la-situacion-del-servicio-electrico","status":"publish","type":"post","link":"https:\/\/muycritico.com.ar\/web\/?p=13682","title":{"rendered":"ANTA: JUNTO A DIPUTADOS SE ABORDAR\u00c1 LA SITUACI\u00d3N DEL SERVICIO EL\u00c9CTRICO"},"content":{"rendered":"<p><strong>El presidente del Ente Regulador de los Servicios P\u00fablicos, Carlos Saravia, recibi\u00f3 al diputado provincial por el departamento Anta, Juan Pablo Cuellar, en una reuni\u00f3n de trabajo destinada a analizar la situaci\u00f3n del servicio de energ\u00eda el\u00e9ctrica en esa regi\u00f3n y avanzar en una agenda conjunta que permita fortalecer las respuestas a los reclamos de los usuarios.<\/strong><\/p>\n<p><!--more--><\/p>\n<p>Durante el encuentro se comparti\u00f3 informaci\u00f3n sobre las condiciones actuales de prestaci\u00f3n del servicio en el departamento y se abordaron distintos planteos vinculados a cortes de suministro, su frecuencia y problemas asociados a variaciones de tensi\u00f3n.<\/p>\n<p>Tras la reuni\u00f3n, el legislador destac\u00f3 la apertura institucional del organismo. \u201cMuy agradecido al Dr. Carlos Saravia del Ente Regulador que nos ha recibido. Hemos tra\u00eddo muchos reclamos e inquietudes de los vecinos del departamento de Anta con relaci\u00f3n a los distintos cortes de electricidad, la frecuencia de los mismos y las subas y bajas de tensi\u00f3n\u201d, expres\u00f3 Cuellar.<\/p>\n<p><img loading=\"lazy\" decoding=\"async\" class=\"aligncenter size-full wp-image-13684\" src=\"https:\/\/muycritico.com.ar\/web\/wp-content\/uploads\/2026\/03\/ENTE-SARAVIA.jpg\" alt=\"\" width=\"1439\" height=\"959\" srcset=\"https:\/\/muycritico.com.ar\/web\/wp-content\/uploads\/2026\/03\/ENTE-SARAVIA.jpg 1439w, https:\/\/muycritico.com.ar\/web\/wp-content\/uploads\/2026\/03\/ENTE-SARAVIA-768x512.jpg 768w\" sizes=\"auto, (max-width: 1439px) 100vw, 1439px\" \/><\/p>\n<p>En ese marco, el diputado adelant\u00f3 que la pr\u00f3xima semana se prev\u00e9 realizar una reuni\u00f3n con legisladores del sur de la provincia con el objetivo de unificar criterios, recibir informaci\u00f3n t\u00e9cnica y trasladar a los vecinos las distintas respuestas y acciones que impulsa el organismo regulador.<\/p>\n<p>El encuentro se da en continuidad con las reuniones mantenidas recientemente entre autoridades del Ente y legisladores de los departamentos Or\u00e1n, General San Mart\u00edn y Rivadavia, donde se analizaron problem\u00e1ticas vinculadas a los servicios p\u00fablicos y se plantearon acciones parlamentarias conjuntas orientadas a brindar soluciones a los planteos de los usuarios de esa regi\u00f3n.<\/p>\n<p>En el mismo sentido, se trabaja en la conformaci\u00f3n de una mesa de di\u00e1logo para el sur provincial, que permita replicar este esquema de articulaci\u00f3n institucional teniendo en cuenta las particularidades del servicio el\u00e9ctrico en esa zona.<\/p>\n<p>Desde el Ente Regulador se destac\u00f3 la importancia de sostener estos espacios de di\u00e1logo y trabajo conjunto con representantes legislativos y distintos sectores de la sociedad, entendiendo que la participaci\u00f3n y la articulaci\u00f3n institucional son herramientas fundamentales para avanzar en respuestas integrales para los usuarios de toda la provincia.<\/p>\n","protected":false},"excerpt":{"rendered":"<p>El presidente del Ente Regulador de los Servicios P\u00fablicos, Carlos Saravia, recibi\u00f3 al diputado provincial por el departamento Anta, Juan Pablo Cuellar, en una reuni\u00f3n de trabajo destinada a analizar la situaci\u00f3n del servicio de energ\u00eda el\u00e9ctrica en esa regi\u00f3n y avanzar en una agenda conjunta que permita fortalecer las respuestas a los reclamos de [&hellip;]<\/p>\n","protected":false},"author":2,"featured_media":13683,"comment_status":"open","ping_status":"closed","sticky":false,"template":"","format":"standard","meta":{"footnotes":""},"categories":[6],"tags":[],"class_list":["post-13682","post","type-post","status-publish","format-standard","has-post-thumbnail","hentry","category-notas"],"_links":{"self":[{"href":"https:\/\/muycritico.com.ar\/web\/index.php?rest_route=\/wp\/v2\/posts\/13682","targetHints":{"allow":["GET"]}}],"collection":[{"href":"https:\/\/muycritico.com.ar\/web\/index.php?rest_route=\/wp\/v2\/posts"}],"about":[{"href":"https:\/\/muycritico.com.ar\/web\/index.php?rest_route=\/wp\/v2\/types\/post"}],"author":[{"embeddable":true,"href":"https:\/\/muycritico.com.ar\/web\/index.php?rest_route=\/wp\/v2\/users\/2"}],"replies":[{"embeddable":true,"href":"https:\/\/muycritico.com.ar\/web\/index.php?rest_route=%2Fwp%2Fv2%2Fcomments&post=13682"}],"version-history":[{"count":1,"href":"https:\/\/muycritico.com.ar\/web\/index.php?rest_route=\/wp\/v2\/posts\/13682\/revisions"}],"predecessor-version":[{"id":13685,"href":"https:\/\/muycritico.com.ar\/web\/index.php?rest_route=\/wp\/v2\/posts\/13682\/revisions\/13685"}],"wp:featuredmedia":[{"embeddable":true,"href":"https:\/\/muycritico.com.ar\/web\/index.php?rest_route=\/wp\/v2\/media\/13683"}],"wp:attachment":[{"href":"https:\/\/muycritico.com.ar\/web\/index.php?rest_route=%2Fwp%2Fv2%2Fmedia&parent=13682"}],"wp:term":[{"taxonomy":"category","embeddable":true,"href":"https:\/\/muycritico.com.ar\/web\/index.php?rest_route=%2Fwp%2Fv2%2Fcategories&post=13682"},{"taxonomy":"post_tag","embeddable":true,"href":"https:\/\/muycritico.com.ar\/web\/index.php?rest_route=%2Fwp%2Fv2%2Ftags&post=13682"}],"curies":[{"name":"wp","href":"https:\/\/api.w.org\/{rel}","templated":true}]}}