{"id":13677,"date":"2026-03-11T16:41:01","date_gmt":"2026-03-11T19:41:01","guid":{"rendered":"https:\/\/muycritico.com.ar\/web\/?p=13677"},"modified":"2026-03-11T16:41:01","modified_gmt":"2026-03-11T19:41:01","slug":"el-gobierno-de-salta-se-reunio-con-el-padre-de-cassandre-bouvier-y-reafirmo-el-compromiso-con-la-busqueda-de-justicia","status":"publish","type":"post","link":"https:\/\/muycritico.com.ar\/web\/?p=13677","title":{"rendered":"EL GOBIERNO DE SALTA SE REUNI\u00d3 CON EL PADRE DE CASSANDRE BOUVIER Y REAFIRM\u00d3 EL COMPROMISO CON LA B\u00daSQUEDA DE JUSTICIA"},"content":{"rendered":"<p><strong>El ministro de Gobierno y Justicia, Ignacio Jars\u00fan, mantuvo un encuentro con Jean-Michel Bouvier, padre de una de las j\u00f3venes turistas francesas asesinadas en 2011 junto a Houria Moumni.<\/strong><\/p>\n<p><!--more--><\/p>\n<p>En Casa de Gobierno, el ministro de Gobierno, y Justicia, Ignacio Jars\u00fan, recibi\u00f3 a Jean-Michel Bouvier, padre de Cassandre Bouvier, una de las turistas francesas asesinadas en Salta en 2011 junto a su amiga Houria Moumni. Del encuentro tambi\u00e9n particip\u00f3 el secretario de Justicia, Javier M\u00f3nico, quien acompa\u00f1\u00f3 la reuni\u00f3n en la que el funcionario provincial escuch\u00f3 el testimonio del padre de la joven y su permanente reclamo por el esclarecimiento total de lo ocurrido.<\/p>\n<p>Durante la reuni\u00f3n se abord\u00f3 el largo proceso de b\u00fasqueda de justicia que la familia de Cassandre sostiene desde hace m\u00e1s de una d\u00e9cada. En ese marco, desde el Gobierno de la Provincia se destac\u00f3 la importancia de mantener viva la memoria de las v\u00edctimas y de continuar impulsando todas las instancias necesarias para avanzar en el esclarecimiento del caso.<\/p>\n<p><img loading=\"lazy\" decoding=\"async\" class=\"aligncenter size-full wp-image-13679\" src=\"https:\/\/muycritico.com.ar\/web\/wp-content\/uploads\/2026\/03\/JARSUN-BOUVIER.jpg\" alt=\"\" width=\"720\" height=\"480\" \/><\/p>\n<p>\u201cSabemos que ninguna palabra puede reparar el dolor de una familia, pero reafirmamos nuestra voluntad de que la b\u00fasqueda de justicia contin\u00fae y de que todas las herramientas institucionales est\u00e9n al servicio de ese objetivo\u201d, expres\u00f3 el ministro Ignacio Jars\u00fan durante el encuentro.<\/p>\n<p><img loading=\"lazy\" decoding=\"async\" class=\"aligncenter size-full wp-image-13680\" src=\"https:\/\/muycritico.com.ar\/web\/wp-content\/uploads\/2026\/03\/JARSUN-BOUVIER-3.jpg\" alt=\"\" width=\"720\" height=\"480\" \/><\/p>\n<p>Finalmente, desde el Gobierno provincial agradecieron la visita de Jean-Michel Bouvier y remarcaron el compromiso institucional de acompa\u00f1ar a las familias y sostener el camino hacia la verdad y la justicia por Cassandre Bouvier y Houria Moumni.<\/p>\n","protected":false},"excerpt":{"rendered":"<p>El ministro de Gobierno y Justicia, Ignacio Jars\u00fan, mantuvo un encuentro con Jean-Michel Bouvier, padre de una de las j\u00f3venes turistas francesas asesinadas en 2011 junto a Houria Moumni.<\/p>\n","protected":false},"author":2,"featured_media":13678,"comment_status":"open","ping_status":"closed","sticky":false,"template":"","format":"standard","meta":{"footnotes":""},"categories":[6],"tags":[],"class_list":["post-13677","post","type-post","status-publish","format-standard","has-post-thumbnail","hentry","category-notas"],"_links":{"self":[{"href":"https:\/\/muycritico.com.ar\/web\/index.php?rest_route=\/wp\/v2\/posts\/13677","targetHints":{"allow":["GET"]}}],"collection":[{"href":"https:\/\/muycritico.com.ar\/web\/index.php?rest_route=\/wp\/v2\/posts"}],"about":[{"href":"https:\/\/muycritico.com.ar\/web\/index.php?rest_route=\/wp\/v2\/types\/post"}],"author":[{"embeddable":true,"href":"https:\/\/muycritico.com.ar\/web\/index.php?rest_route=\/wp\/v2\/users\/2"}],"replies":[{"embeddable":true,"href":"https:\/\/muycritico.com.ar\/web\/index.php?rest_route=%2Fwp%2Fv2%2Fcomments&post=13677"}],"version-history":[{"count":1,"href":"https:\/\/muycritico.com.ar\/web\/index.php?rest_route=\/wp\/v2\/posts\/13677\/revisions"}],"predecessor-version":[{"id":13681,"href":"https:\/\/muycritico.com.ar\/web\/index.php?rest_route=\/wp\/v2\/posts\/13677\/revisions\/13681"}],"wp:featuredmedia":[{"embeddable":true,"href":"https:\/\/muycritico.com.ar\/web\/index.php?rest_route=\/wp\/v2\/media\/13678"}],"wp:attachment":[{"href":"https:\/\/muycritico.com.ar\/web\/index.php?rest_route=%2Fwp%2Fv2%2Fmedia&parent=13677"}],"wp:term":[{"taxonomy":"category","embeddable":true,"href":"https:\/\/muycritico.com.ar\/web\/index.php?rest_route=%2Fwp%2Fv2%2Fcategories&post=13677"},{"taxonomy":"post_tag","embeddable":true,"href":"https:\/\/muycritico.com.ar\/web\/index.php?rest_route=%2Fwp%2Fv2%2Ftags&post=13677"}],"curies":[{"name":"wp","href":"https:\/\/api.w.org\/{rel}","templated":true}]}}