{"id":13671,"date":"2026-03-11T16:04:30","date_gmt":"2026-03-11T19:04:30","guid":{"rendered":"https:\/\/muycritico.com.ar\/web\/?p=13671"},"modified":"2026-03-11T16:17:19","modified_gmt":"2026-03-11T19:17:19","slug":"adorni-vengo-a-deslomarme","status":"publish","type":"post","link":"https:\/\/muycritico.com.ar\/web\/?p=13671","title":{"rendered":"ADORNI: \u201cVENGO A DESLOMARME\u201d"},"content":{"rendered":"<p><strong>El ex vocero dio una explicaci\u00f3n ininteligible de por qu\u00e9 su esposa viaj\u00f3 a Estados Unidos en el avi\u00f3n presidencial. El jefe de Gabinete confirm\u00f3 que su pareja, Bettina Angeletti, lo acompa\u00f1\u00f3 en la gira oficial a Estados Unidos. Asegur\u00f3 que la presencia de su esposa no gener\u00f3 gastos adicionales para el Estado y que fue invitada por Presidencia.<\/strong><\/p>\n<p><!--more--><\/p>\n<p>El escandalo escal\u00f3 en las \u00faltimas horas en torno al jefe de Gabinete tras conocerse que su esposa hab\u00eda formado parte de la comitiva, cuando Adorni pret\u00e9ritamente hab\u00eda fustigado duramente a Alberto Fern\u00e1ndez en ocasi\u00f3n de que el ex mandatario hab\u00eda viajado con 48 personas, incluida la ex primera dama.<\/p>\n<p>Esta vez sali\u00f3 a dar una explicaci\u00f3n sobre el viaje de su esposa, Bettina Angeletti, a Estados Unidos a bordo del avi\u00f3n presidencial, luego de que se generaran cuestionamientos por la presencia de su pareja en la aeronave oficial durante la gira del Gobierno. El funcionario confirm\u00f3 p\u00fablicamente que su esposa form\u00f3 parte del vuelo y brind\u00f3 detalles sobre c\u00f3mo se dio la situaci\u00f3n. Seg\u00fan indic\u00f3, Angeletti ya ten\u00eda previsto viajar a Miami con anterioridad, aunque ese plan inicial debi\u00f3 ser postergado.<\/p>\n<p>\u201cMi mujer estaba en el avi\u00f3n presidencial\u201d, afirm\u00f3 Adorni durante una entrevista con la se\u00f1al de noticias A24, en declaraciones consignadas por la Agencia Noticias Argentinas.<\/p>\n<p><img loading=\"lazy\" decoding=\"async\" class=\"aligncenter size-full wp-image-13674\" src=\"https:\/\/muycritico.com.ar\/web\/wp-content\/uploads\/2026\/03\/ADORNI-.jpg\" alt=\"\" width=\"1079\" height=\"705\" srcset=\"https:\/\/muycritico.com.ar\/web\/wp-content\/uploads\/2026\/03\/ADORNI-.jpg 1079w, https:\/\/muycritico.com.ar\/web\/wp-content\/uploads\/2026\/03\/ADORNI--768x502.jpg 768w\" sizes=\"auto, (max-width: 1079px) 100vw, 1079px\" \/><\/p>\n<p><strong>La &#8220;explicaci\u00f3n&#8221; del viaje de la mujer de Adorni en el vuelo presidencial<\/strong><\/p>\n<p>Seg\u00fan PERFIL, el jefe de Gabinete explic\u00f3 que la posibilidad de que su esposa lo acompa\u00f1ara surgi\u00f3 despu\u00e9s de que se modificara el cronograma del viaje oficial. En ese contexto, sostuvo que Presidencia fue quien autoriz\u00f3 su presencia en la aeronave oficial. \u201cMi mujer iba a viajar el 26 de febrero a Miami, pero despu\u00e9s hubo un cambio en el viaje y yo quer\u00eda que me acompa\u00f1e. Presidencia la invit\u00f3. La verdad es que era mi deseo que me acompa\u00f1e\u201d, detall\u00f3 el funcionario al explicar c\u00f3mo se organiz\u00f3 el traslado.<\/p>\n","protected":false},"excerpt":{"rendered":"<p>El ex vocero dio una explicaci\u00f3n ininteligible de por qu\u00e9 su esposa viaj\u00f3 a Estados Unidos en el avi\u00f3n presidencial. El jefe de Gabinete confirm\u00f3 que su pareja, Bettina Angeletti, lo acompa\u00f1\u00f3 en la gira oficial a Estados Unidos. Asegur\u00f3 que la presencia de su esposa no gener\u00f3 gastos adicionales para el Estado y que [&hellip;]<\/p>\n","protected":false},"author":2,"featured_media":13672,"comment_status":"open","ping_status":"closed","sticky":false,"template":"","format":"standard","meta":{"footnotes":""},"categories":[6],"tags":[1396,171],"class_list":["post-13671","post","type-post","status-publish","format-standard","has-post-thumbnail","hentry","category-notas","tag-bettina-angeletti","tag-manuel-adorni"],"_links":{"self":[{"href":"https:\/\/muycritico.com.ar\/web\/index.php?rest_route=\/wp\/v2\/posts\/13671","targetHints":{"allow":["GET"]}}],"collection":[{"href":"https:\/\/muycritico.com.ar\/web\/index.php?rest_route=\/wp\/v2\/posts"}],"about":[{"href":"https:\/\/muycritico.com.ar\/web\/index.php?rest_route=\/wp\/v2\/types\/post"}],"author":[{"embeddable":true,"href":"https:\/\/muycritico.com.ar\/web\/index.php?rest_route=\/wp\/v2\/users\/2"}],"replies":[{"embeddable":true,"href":"https:\/\/muycritico.com.ar\/web\/index.php?rest_route=%2Fwp%2Fv2%2Fcomments&post=13671"}],"version-history":[{"count":3,"href":"https:\/\/muycritico.com.ar\/web\/index.php?rest_route=\/wp\/v2\/posts\/13671\/revisions"}],"predecessor-version":[{"id":13676,"href":"https:\/\/muycritico.com.ar\/web\/index.php?rest_route=\/wp\/v2\/posts\/13671\/revisions\/13676"}],"wp:featuredmedia":[{"embeddable":true,"href":"https:\/\/muycritico.com.ar\/web\/index.php?rest_route=\/wp\/v2\/media\/13672"}],"wp:attachment":[{"href":"https:\/\/muycritico.com.ar\/web\/index.php?rest_route=%2Fwp%2Fv2%2Fmedia&parent=13671"}],"wp:term":[{"taxonomy":"category","embeddable":true,"href":"https:\/\/muycritico.com.ar\/web\/index.php?rest_route=%2Fwp%2Fv2%2Fcategories&post=13671"},{"taxonomy":"post_tag","embeddable":true,"href":"https:\/\/muycritico.com.ar\/web\/index.php?rest_route=%2Fwp%2Fv2%2Ftags&post=13671"}],"curies":[{"name":"wp","href":"https:\/\/api.w.org\/{rel}","templated":true}]}}