{"id":13660,"date":"2026-03-11T10:01:34","date_gmt":"2026-03-11T13:01:34","guid":{"rendered":"https:\/\/muycritico.com.ar\/web\/?p=13660"},"modified":"2026-03-11T10:01:34","modified_gmt":"2026-03-11T13:01:34","slug":"el-procurador-general-garcia-castiella-recibio-a-jean-michel-bouvier-en-el-marco-de-la-investigacion-por-los-homicidios-de-cassandre-bouvier-y-houria-moumni","status":"publish","type":"post","link":"https:\/\/muycritico.com.ar\/web\/?p=13660","title":{"rendered":"EL PROCURADOR GENERAL GARCIA CASTIELLA, RECIBI\u00d3 A JEAN-MICHEL BOUVIER EN EL MARCO DE LA INVESTIGACI\u00d3N POR LOS HOMICIDIOS DE CASSANDRE BOUVIER Y HOURIA MOUMNI"},"content":{"rendered":"<p><strong>El hecho ocurri\u00f3 en 2011 y actualmente se desarrolla una nueva etapa de investigaci\u00f3n bajo la intervenci\u00f3n de una Unidad Fiscal Especial.<\/strong><\/p>\n<p><!--more--><\/p>\n<p>El procurador general de la provincia de Salta, Pedro Garc\u00eda Castiella, recibi\u00f3 en el d\u00eda de hoy a <strong>Jean-Michel Bouvier<\/strong>, padre de una de las v\u00edctimas del doble homicidio de las ciudadanas francesas <strong>Cassandre Bouvier y Houria Moumni<\/strong>, en el marco de las actuaciones que lleva adelante la Unidad Fiscal Especial.<\/p>\n<p>Durante el encuentro, desarrollado en sede de la Procuraci\u00f3n General, Garc\u00eda Castiella escuch\u00f3 los planteos e inquietudes formulados por Bouvier en relaci\u00f3n con distintos aspectos vinculados al avance de la investigaci\u00f3n y con los puntos que, a su criterio, resultan necesarios de profundizar para el esclarecimiento del hecho.<\/p>\n<p>El se\u00f1or Bouvier expreso a su vez, la conformidad con el trabajo llevado adelante\u00a0 por la nueva Unidad Fiscal, reafirmando a la vez su expectativa por las actividades pendientes de realizaci\u00f3n.<\/p>\n<p>Previamente a esta reuni\u00f3n, Jean-Michel Bouvier finaliz\u00f3 su declaraci\u00f3n testimonial ante los fiscales, oportunidad en la que dialogaron sobre distintos aspectos vinculados con los hechos investigados y con el proceso de b\u00fasqueda de esclarecimiento del caso.<\/p>\n<p>Cabe reiterar que la Unidad Fiscal se encuentra expectante a la determinaci\u00f3n de una pr\u00f3xima fecha por parte del Tribunal franc\u00e9s a cargo de la tramitaci\u00f3n del exhorto diplom\u00e1tico, lo que permitir\u00e1 concretar el traslado a Francia para concluir las tareas investigativas y el intercambio de aspectos t\u00e9cnicos y probatorios de inter\u00e9s para la causa.<\/p>\n<p>La Unidad Fiscal Especial est\u00e1 integrada por los fiscales Mar\u00eda Luj\u00e1n Sodero Calvet, Gabriel Gonz\u00e1lez, Daniel Espiloc\u00edn y Pablo Paz, quienes vienen trabajando de manera sostenida desde la conformaci\u00f3n de la Unidad Fiscal por disposici\u00f3n del Procurador General de la Provincia, bajo un esquema de abordaje integral de la investigaci\u00f3n y las diversas actuaciones procesales que directa o indirectamente pudiesen tener vinculaci\u00f3n con el hecho investigado.<\/p>\n<p>El 29 de julio de 2011 fueron halladas sin vida las ciudadanas francesas Cassandre Bouvier y Houria Moumni en la Quebrada de San Lorenzo, hecho que dio origen a una investigaci\u00f3n penal de gran repercusi\u00f3n p\u00fablica. Tras diversas instancias judiciales, la Corte Suprema de Justicia de la Naci\u00f3n dej\u00f3 sin efecto la condena que pesaba sobre uno de los imputados y orden\u00f3 un nuevo pronunciamiento, lo que deriv\u00f3 en que el Tribunal de Impugnaci\u00f3n dictara su sobreseimiento por la insubsistencia de la acci\u00f3n penal vinculada al plazo razonable del proceso. Frente a este escenario, la Procuraci\u00f3n General de la Provincia dispuso la creaci\u00f3n de esta Unidad Fiscal Especial, con el objetivo de continuar la investigaci\u00f3n, revisar integralmente la prueba reunida, incorporar nuevas herramientas cient\u00edficas y profundizar todas las l\u00edneas de pesquisa disponibles para el esclarecimiento del caso.<\/p>\n","protected":false},"excerpt":{"rendered":"<p>El hecho ocurri\u00f3 en 2011 y actualmente se desarrolla una nueva etapa de investigaci\u00f3n bajo la intervenci\u00f3n de una Unidad Fiscal Especial.<\/p>\n","protected":false},"author":2,"featured_media":13661,"comment_status":"open","ping_status":"closed","sticky":false,"template":"","format":"standard","meta":{"footnotes":""},"categories":[6],"tags":[47,173,77],"class_list":["post-13660","post","type-post","status-publish","format-standard","has-post-thumbnail","hentry","category-notas","tag-cassandre-bouvier-y-houria-moumni","tag-jean-michel-bouvier","tag-pedro-garcia-castiella"],"_links":{"self":[{"href":"https:\/\/muycritico.com.ar\/web\/index.php?rest_route=\/wp\/v2\/posts\/13660","targetHints":{"allow":["GET"]}}],"collection":[{"href":"https:\/\/muycritico.com.ar\/web\/index.php?rest_route=\/wp\/v2\/posts"}],"about":[{"href":"https:\/\/muycritico.com.ar\/web\/index.php?rest_route=\/wp\/v2\/types\/post"}],"author":[{"embeddable":true,"href":"https:\/\/muycritico.com.ar\/web\/index.php?rest_route=\/wp\/v2\/users\/2"}],"replies":[{"embeddable":true,"href":"https:\/\/muycritico.com.ar\/web\/index.php?rest_route=%2Fwp%2Fv2%2Fcomments&post=13660"}],"version-history":[{"count":1,"href":"https:\/\/muycritico.com.ar\/web\/index.php?rest_route=\/wp\/v2\/posts\/13660\/revisions"}],"predecessor-version":[{"id":13662,"href":"https:\/\/muycritico.com.ar\/web\/index.php?rest_route=\/wp\/v2\/posts\/13660\/revisions\/13662"}],"wp:featuredmedia":[{"embeddable":true,"href":"https:\/\/muycritico.com.ar\/web\/index.php?rest_route=\/wp\/v2\/media\/13661"}],"wp:attachment":[{"href":"https:\/\/muycritico.com.ar\/web\/index.php?rest_route=%2Fwp%2Fv2%2Fmedia&parent=13660"}],"wp:term":[{"taxonomy":"category","embeddable":true,"href":"https:\/\/muycritico.com.ar\/web\/index.php?rest_route=%2Fwp%2Fv2%2Fcategories&post=13660"},{"taxonomy":"post_tag","embeddable":true,"href":"https:\/\/muycritico.com.ar\/web\/index.php?rest_route=%2Fwp%2Fv2%2Ftags&post=13660"}],"curies":[{"name":"wp","href":"https:\/\/api.w.org\/{rel}","templated":true}]}}