{"id":13618,"date":"2026-03-09T00:26:24","date_gmt":"2026-03-09T03:26:24","guid":{"rendered":"https:\/\/muycritico.com.ar\/web\/?p=13618"},"modified":"2026-03-09T00:26:24","modified_gmt":"2026-03-09T03:26:24","slug":"el-gobierno-provincial-monitorea-el-comportamiento-de-los-rios-y-coordina-asistencias-en-municipios-del-norte","status":"publish","type":"post","link":"https:\/\/muycritico.com.ar\/web\/?p=13618","title":{"rendered":"EL GOBIERNO PROVINCIAL MONITOREA EL COMPORTAMIENTO DE LOS R\u00cdOS Y COORDINA ASISTENCIAS EN MUNICIPIOS DEL NORTE"},"content":{"rendered":"<p><strong>A trav\u00e9s del Ministerio de Desarrollo Social y el Comit\u00e9 de Emergencia Clim\u00e1tica, se presta mayor atenci\u00f3n al incremento en el caudal de los r\u00edos Bermejo, Tarija e Ita\u00fa y la posible crecida del r\u00edo Pilcomayo. En coordinaci\u00f3n con municipios, se organizan las asistencias para las poblaciones afectadas.<\/strong><\/p>\n<p><!--more--><\/p>\n<p>El Ministerio de Desarrollo Social de la Provincia, a cargo de Mario Mimessi\u00a0 junto a su par de Seguridad, Gaspar Sol\u00e1 Usandivaras trabajan de manera permanente en la coordinaci\u00f3n y monitoreo de las asistencias que se generan a ra\u00edz del incremento en el caudal de los r\u00edos Bermejo, Tarija e Ita\u00fa, situaci\u00f3n que afecta a poblaciones de los municipios de Rivadavia Banda Norte, Ribadavia Banda Sur, General Mosconi y Aguaray.<\/p>\n<p>En este marco, desde Desarrollo Social se mantiene contacto constante con las directoras de las escuelas ubicadas en la costa del r\u00edo Tarija y con los caciques de cada comunidad, a fin de relevar necesidades y organizar la asistencia. En el caso de Rivadavia Banda Norte, Rivadavia Banda Sur\u00a0 y Mosconi, las acciones se coordinan tambi\u00e9n con los responsables de \u00e1rea social, mientras que en\u00a0 Aguaray con el intendente y en La Uni\u00f3n, con su delegado.<\/p>\n<p>El ministro de Desarrollo Social, Mario Mimessi, en su rol de presidente del Comit\u00e9 de Emergencia Clim\u00e1tica, inform\u00f3 que se mantiene un monitoreo permanente de la situaci\u00f3n junto a los distintos organismos que integran el Comit\u00e9, adem\u00e1s del seguimiento del comportamiento de los r\u00edos.<\/p>\n<p>Asimismo, explic\u00f3 que las asistencias destinadas a los municipios afectados se realizar\u00e1n v\u00eda a\u00e9rea, por lo que se aguarda la confirmaci\u00f3n de los vuelos por parte de Aviaci\u00f3n Civil, ya que los operativos dependen de las condiciones meteorol\u00f3gicas para poder concretarse.<\/p>\n<p>Desde el Comit\u00e9 de Emergencia Clim\u00e1tica tambi\u00e9n se monitorea la evoluci\u00f3n del r\u00edo Pilcomayo, que podr\u00eda registrar un nuevo incremento en su caudal durante la noche del domingo y la madrugada de este lunes.<\/p>\n<p>De acuerdo con lo informado por la Secretar\u00eda de Recursos H\u00eddricos, el nivel del r\u00edo en Villa Montes (Bolivia) continu\u00f3 en ascenso y alcanz\u00f3 los 3,87 metros a las 17 horas de este s\u00e1bado, superando el registro anterior de este a\u00f1o hidrol\u00f3gico, que hab\u00eda sido de 3,65 metros el 29 de enero. Seg\u00fan las proyecciones, este nivel representar\u00eda para Misi\u00f3n La Paz un caudal cercano a 6,10 metros durante la noche del domingo 8 y la madrugada del lunes 9.<\/p>\n","protected":false},"excerpt":{"rendered":"<p>A trav\u00e9s del Ministerio de Desarrollo Social y el Comit\u00e9 de Emergencia Clim\u00e1tica, se presta mayor atenci\u00f3n al incremento en el caudal de los r\u00edos Bermejo, Tarija e Ita\u00fa y la posible crecida del r\u00edo Pilcomayo. En coordinaci\u00f3n con municipios, se organizan las asistencias para las poblaciones afectadas.<\/p>\n","protected":false},"author":2,"featured_media":13619,"comment_status":"open","ping_status":"closed","sticky":false,"template":"","format":"standard","meta":{"footnotes":""},"categories":[6],"tags":[],"class_list":["post-13618","post","type-post","status-publish","format-standard","has-post-thumbnail","hentry","category-notas"],"_links":{"self":[{"href":"https:\/\/muycritico.com.ar\/web\/index.php?rest_route=\/wp\/v2\/posts\/13618","targetHints":{"allow":["GET"]}}],"collection":[{"href":"https:\/\/muycritico.com.ar\/web\/index.php?rest_route=\/wp\/v2\/posts"}],"about":[{"href":"https:\/\/muycritico.com.ar\/web\/index.php?rest_route=\/wp\/v2\/types\/post"}],"author":[{"embeddable":true,"href":"https:\/\/muycritico.com.ar\/web\/index.php?rest_route=\/wp\/v2\/users\/2"}],"replies":[{"embeddable":true,"href":"https:\/\/muycritico.com.ar\/web\/index.php?rest_route=%2Fwp%2Fv2%2Fcomments&post=13618"}],"version-history":[{"count":1,"href":"https:\/\/muycritico.com.ar\/web\/index.php?rest_route=\/wp\/v2\/posts\/13618\/revisions"}],"predecessor-version":[{"id":13620,"href":"https:\/\/muycritico.com.ar\/web\/index.php?rest_route=\/wp\/v2\/posts\/13618\/revisions\/13620"}],"wp:featuredmedia":[{"embeddable":true,"href":"https:\/\/muycritico.com.ar\/web\/index.php?rest_route=\/wp\/v2\/media\/13619"}],"wp:attachment":[{"href":"https:\/\/muycritico.com.ar\/web\/index.php?rest_route=%2Fwp%2Fv2%2Fmedia&parent=13618"}],"wp:term":[{"taxonomy":"category","embeddable":true,"href":"https:\/\/muycritico.com.ar\/web\/index.php?rest_route=%2Fwp%2Fv2%2Fcategories&post=13618"},{"taxonomy":"post_tag","embeddable":true,"href":"https:\/\/muycritico.com.ar\/web\/index.php?rest_route=%2Fwp%2Fv2%2Ftags&post=13618"}],"curies":[{"name":"wp","href":"https:\/\/api.w.org\/{rel}","templated":true}]}}