{"id":13608,"date":"2026-03-08T23:54:00","date_gmt":"2026-03-09T02:54:00","guid":{"rendered":"https:\/\/muycritico.com.ar\/web\/?p=13608"},"modified":"2026-03-08T23:54:00","modified_gmt":"2026-03-09T02:54:00","slug":"salta-conmemoro-el-dia-internacional-de-la-mujer-trabajadora-con-un-llamado-a-la-memoria-y-la-justicia","status":"publish","type":"post","link":"https:\/\/muycritico.com.ar\/web\/?p=13608","title":{"rendered":"SALTA CONMEMOR\u00d3 EL D\u00cdA INTERNACIONAL DE LA MUJER TRABAJADORA CON UN LLAMADO A LA MEMORIA Y LA JUSTICIA"},"content":{"rendered":"<p><strong>El ministro de Gobierno y Justicia, Ignacio Jars\u00fan, acompa\u00f1\u00f3 al c\u00f3nsul de Francia en Argentina en un homenaje realizado en el lugar donde se recuerda a las turistas francesas asesinadas en 2011.<\/strong><\/p>\n<p><!--more--><\/p>\n<p>En el marco del D\u00eda Internacional de la Mujer Trabajadora, el ministro de Gobierno y Justicia de la Provincia, Ignacio Jars\u00fan, acompa\u00f1\u00f3 al c\u00f3nsul general de Francia en Argentina, Jean- Christophe Fleury en una visita al sitio donde se recuerda a las j\u00f3venes francesas Cassandre Bouvier y Houria Moumni, asesinadas en Salta en 2011. De la actividad tambi\u00e9n participaron la subsecretaria de Justicia, Agustina Rizzoli, y la subsecretaria de Mujeres, G\u00e9nero y Diversidad, Julieta Valencia.<\/p>\n<p>Durante la jornada se realiz\u00f3 un homenaje en memoria de las dos j\u00f3venes, en un gesto de respeto y acompa\u00f1amiento hacia sus familias y hacia el pueblo franc\u00e9s. Las autoridades presentes destacaron la importancia de mantener viva la memoria y reafirmar el compromiso institucional con la b\u00fasqueda de justicia.<\/p>\n<p><img loading=\"lazy\" decoding=\"async\" class=\"aligncenter size-full wp-image-13610\" src=\"https:\/\/muycritico.com.ar\/web\/wp-content\/uploads\/2026\/03\/dia-de-la-mujer.jpg\" alt=\"\" width=\"1043\" height=\"588\" srcset=\"https:\/\/muycritico.com.ar\/web\/wp-content\/uploads\/2026\/03\/dia-de-la-mujer.jpg 1043w, https:\/\/muycritico.com.ar\/web\/wp-content\/uploads\/2026\/03\/dia-de-la-mujer-768x433.jpg 768w\" sizes=\"auto, (max-width: 1043px) 100vw, 1043px\" \/><\/p>\n<p>En ese contexto, el ministro Jars\u00fan expres\u00f3: \u201cReafirmo el respeto y el acompa\u00f1amiento del Gobierno. Sabemos que ninguna palabra puede reparar el dolor de una familia, pero s\u00ed podemos reafirmar nuestra voluntad de que la b\u00fasqueda de justicia contin\u00fae y de que todas las herramientas institucionales est\u00e9n al servicio de ese objetivo\u201d.<\/p>\n<p>El acto se desarroll\u00f3 en un clima de recogimiento y reflexi\u00f3n, en una fecha que invita a visibilizar la lucha de las mujeres y a renovar el compromiso con una sociedad m\u00e1s justa y libre de violencias.<\/p>\n<p><img loading=\"lazy\" decoding=\"async\" class=\"aligncenter size-full wp-image-13611\" src=\"https:\/\/muycritico.com.ar\/web\/wp-content\/uploads\/2026\/03\/jarsun.jpg\" alt=\"\" width=\"1059\" height=\"590\" srcset=\"https:\/\/muycritico.com.ar\/web\/wp-content\/uploads\/2026\/03\/jarsun.jpg 1059w, https:\/\/muycritico.com.ar\/web\/wp-content\/uploads\/2026\/03\/jarsun-768x428.jpg 768w\" sizes=\"auto, (max-width: 1059px) 100vw, 1059px\" \/><\/p>\n","protected":false},"excerpt":{"rendered":"<p>El ministro de Gobierno y Justicia, Ignacio Jars\u00fan, acompa\u00f1\u00f3 al c\u00f3nsul de Francia en Argentina en un homenaje realizado en el lugar donde se recuerda a las turistas francesas asesinadas en 2011.<\/p>\n","protected":false},"author":2,"featured_media":13609,"comment_status":"open","ping_status":"closed","sticky":false,"template":"","format":"standard","meta":{"footnotes":""},"categories":[6],"tags":[],"class_list":["post-13608","post","type-post","status-publish","format-standard","has-post-thumbnail","hentry","category-notas"],"_links":{"self":[{"href":"https:\/\/muycritico.com.ar\/web\/index.php?rest_route=\/wp\/v2\/posts\/13608","targetHints":{"allow":["GET"]}}],"collection":[{"href":"https:\/\/muycritico.com.ar\/web\/index.php?rest_route=\/wp\/v2\/posts"}],"about":[{"href":"https:\/\/muycritico.com.ar\/web\/index.php?rest_route=\/wp\/v2\/types\/post"}],"author":[{"embeddable":true,"href":"https:\/\/muycritico.com.ar\/web\/index.php?rest_route=\/wp\/v2\/users\/2"}],"replies":[{"embeddable":true,"href":"https:\/\/muycritico.com.ar\/web\/index.php?rest_route=%2Fwp%2Fv2%2Fcomments&post=13608"}],"version-history":[{"count":1,"href":"https:\/\/muycritico.com.ar\/web\/index.php?rest_route=\/wp\/v2\/posts\/13608\/revisions"}],"predecessor-version":[{"id":13612,"href":"https:\/\/muycritico.com.ar\/web\/index.php?rest_route=\/wp\/v2\/posts\/13608\/revisions\/13612"}],"wp:featuredmedia":[{"embeddable":true,"href":"https:\/\/muycritico.com.ar\/web\/index.php?rest_route=\/wp\/v2\/media\/13609"}],"wp:attachment":[{"href":"https:\/\/muycritico.com.ar\/web\/index.php?rest_route=%2Fwp%2Fv2%2Fmedia&parent=13608"}],"wp:term":[{"taxonomy":"category","embeddable":true,"href":"https:\/\/muycritico.com.ar\/web\/index.php?rest_route=%2Fwp%2Fv2%2Fcategories&post=13608"},{"taxonomy":"post_tag","embeddable":true,"href":"https:\/\/muycritico.com.ar\/web\/index.php?rest_route=%2Fwp%2Fv2%2Ftags&post=13608"}],"curies":[{"name":"wp","href":"https:\/\/api.w.org\/{rel}","templated":true}]}}