{"id":1349,"date":"2024-03-29T17:20:59","date_gmt":"2024-03-29T20:20:59","guid":{"rendered":"https:\/\/muycritico.com.ar\/web\/?p=1349"},"modified":"2026-01-18T19:25:33","modified_gmt":"2026-01-18T22:25:33","slug":"diputados-analizaron-la-situacion-de-proveedores-mineros-en-la-provincia","status":"publish","type":"post","link":"https:\/\/muycritico.com.ar\/web\/?p=1349","title":{"rendered":"DIPUTADOS ANALIZARON LA SITUACI\u00d3N DE PROVEEDORES MINEROS EN LA PROVINCIA"},"content":{"rendered":"<p><strong>Legisladores que integran la comisi\u00f3n de Miner\u00eda, recibieron al presidente de la C\u00e1mara de Proveedores Mineros, para abordar la actualidad de la miner\u00eda y las problem\u00e1ticas que ata\u00f1en al sector en la provincia.<\/strong><\/p>\n<p><!--more--><\/p>\n<p>Al comienzo de la reuni\u00f3n, encabezada por el presidente de la comisi\u00f3n de Miner\u00eda, Juan Esteban Romero; el titular de la instituci\u00f3n, Diego Pesta\u00f1a, explic\u00f3 que desde el sector que representa, buscan que la miner\u00eda funcione y se desarrolle en Salta, ya que en esa cadena productiva se generan m\u00e1s fuentes de trabajo y mejores condiciones de vida para los salte\u00f1os.<\/p>\n<p>En este sentido, remarc\u00f3 los ejes que consider\u00f3 los pilares fundamentales para el desarrollo de la miner\u00eda en la provincia, resaltando el rol del Estado provincial, las empresas mineras dispuestas a invertir, las comunidades y los proveedores, quienes se benefician con el crecimiento de esta actividad.<\/p>\n<p>En lo que respecta a los proveedores locales, destac\u00f3 que el trabajo articulado con la Provincia, a la vez que subray\u00f3 que desde el Estado se sigan fomentando pol\u00edticas y leyes para el desarrollo integral de este sector, ya que son claves para la sostenibilidad de la cadena de inversiones. As\u00ed tambi\u00e9n, enfatiz\u00f3 la importancia de fortalecer la inversi\u00f3n en materia de capacitaci\u00f3n de los salte\u00f1os vinculados a la miner\u00eda.<\/p>\n<p><iframe loading=\"lazy\" title=\"DIPUTADOS ANALIZARON LA SITUACI\u00d3N DE LOS PROVEEDORES MINEROS DE LA PROVINCIA\" width=\"696\" height=\"392\" src=\"https:\/\/www.youtube.com\/embed\/mHabAjrfph8?feature=oembed\" frameborder=\"0\" allow=\"accelerometer; autoplay; clipboard-write; encrypted-media; gyroscope; picture-in-picture; web-share\" referrerpolicy=\"strict-origin-when-cross-origin\" allowfullscreen><\/iframe><\/p>\n<p>As\u00ed tambi\u00e9n, explic\u00f3 que desde su perspectiva ser\u00eda positivo que los proveedores locales que no llegan a cubrir la demanda de las empresas mineras puedan contar con inversiones, o puedan asociarse para trabajar en conjunto con otras empresas con mayor operatividad, con el fin de que accedan a las oportunidades que surgen y promover que a la larga estas peque\u00f1as empresas locales logren crecer y proveer por s\u00ed solas dichos servicios.<\/p>\n<p>Por otra parte, si bien destac\u00f3 las inversiones en materia de infraestructura en la Puna, se\u00f1al\u00f3 que es necesario profundizar en inversiones en lo que respecta al desarrollo de los servicios de log\u00edstica y transporte, entre otros puntos. Como as\u00ed tambi\u00e9n, ahond\u00f3 en el trabajo articulado con la Provincia para optimizar los tiempos y evitar demoras en los plazos de habilitaci\u00f3n para el trabajo de las empresas proveedoras.<\/p>\n<p>En tanto, entre otros lineamientos, plante\u00f3 la necesidad de rediscutir el r\u00e9gimen impositivo vinculado a este sector, a los fines de lograr reformas que permitan una mayor competitividad de las empresas locales.<\/p>\n<p>Estuvieron presentes los diputados Juan Esteban Romero, Nicol\u00e1s Taibo, Ger\u00f3nimo Arjona, Guillermo Durand Cornejo, Soledad Farf\u00e1n, Sof\u00eda Sierra, Cristina Frisoli, Roque Cornejo, Griselda Galleguillos, Fabio L\u00f3pez, Luis Menda\u00f1a, Patricio Pe\u00f1alba y Marcela Leguina.<\/p>\n","protected":false},"excerpt":{"rendered":"<p>Legisladores que integran la comisi\u00f3n de Miner\u00eda, recibieron al presidente de la C\u00e1mara de Proveedores Mineros, para abordar la actualidad de la miner\u00eda y las problem\u00e1ticas que ata\u00f1en al sector en la provincia.<\/p>\n","protected":false},"author":2,"featured_media":1352,"comment_status":"open","ping_status":"closed","sticky":false,"template":"","format":"standard","meta":{"footnotes":""},"categories":[6],"tags":[872],"class_list":["post-1349","post","type-post","status-publish","format-standard","has-post-thumbnail","hentry","category-notas","tag-victor-sacca"],"_links":{"self":[{"href":"https:\/\/muycritico.com.ar\/web\/index.php?rest_route=\/wp\/v2\/posts\/1349","targetHints":{"allow":["GET"]}}],"collection":[{"href":"https:\/\/muycritico.com.ar\/web\/index.php?rest_route=\/wp\/v2\/posts"}],"about":[{"href":"https:\/\/muycritico.com.ar\/web\/index.php?rest_route=\/wp\/v2\/types\/post"}],"author":[{"embeddable":true,"href":"https:\/\/muycritico.com.ar\/web\/index.php?rest_route=\/wp\/v2\/users\/2"}],"replies":[{"embeddable":true,"href":"https:\/\/muycritico.com.ar\/web\/index.php?rest_route=%2Fwp%2Fv2%2Fcomments&post=1349"}],"version-history":[{"count":1,"href":"https:\/\/muycritico.com.ar\/web\/index.php?rest_route=\/wp\/v2\/posts\/1349\/revisions"}],"predecessor-version":[{"id":1353,"href":"https:\/\/muycritico.com.ar\/web\/index.php?rest_route=\/wp\/v2\/posts\/1349\/revisions\/1353"}],"wp:featuredmedia":[{"embeddable":true,"href":"https:\/\/muycritico.com.ar\/web\/index.php?rest_route=\/wp\/v2\/media\/1352"}],"wp:attachment":[{"href":"https:\/\/muycritico.com.ar\/web\/index.php?rest_route=%2Fwp%2Fv2%2Fmedia&parent=1349"}],"wp:term":[{"taxonomy":"category","embeddable":true,"href":"https:\/\/muycritico.com.ar\/web\/index.php?rest_route=%2Fwp%2Fv2%2Fcategories&post=1349"},{"taxonomy":"post_tag","embeddable":true,"href":"https:\/\/muycritico.com.ar\/web\/index.php?rest_route=%2Fwp%2Fv2%2Ftags&post=1349"}],"curies":[{"name":"wp","href":"https:\/\/api.w.org\/{rel}","templated":true}]}}