{"id":13299,"date":"2026-02-26T16:12:23","date_gmt":"2026-02-26T19:12:23","guid":{"rendered":"https:\/\/muycritico.com.ar\/web\/?p=13299"},"modified":"2026-02-26T16:12:23","modified_gmt":"2026-02-26T19:12:23","slug":"rio-piedras-la-juventud-apuesta-al-estudio","status":"publish","type":"post","link":"https:\/\/muycritico.com.ar\/web\/?p=13299","title":{"rendered":"RIO PIEDRAS: LA JUVENTUD APUESTA AL ESTUDIO"},"content":{"rendered":"<p><strong>Esta semana dio inicio el cursado en el Instituto de Educaci\u00f3n Superior N\u00b0 6024 &#8221; Escuela Normal Superior Rep\u00fablica de Colombia&#8221; Anexo R\u00edo Piedras,\u00a0 la carrera de &#8220;tecnicatura superior en higiene y seguridad laboral desarrollo ambiental sostenible\u201d.\u00a0<\/strong><\/p>\n<p><!--more--><\/p>\n<p>\u201cEste no solo es un paso firme que refleja las ganas de todo un pueblo de superarse y avanzar sino que es algo hist\u00f3rico para todo un municipio donde no hace muchos a\u00f1os sus hijos deb\u00edan viajar para obtener un t\u00edtulo secundario, que hoy se encuentren tres carreras desarroll\u00e1ndose y siendo oferta en este municipio\u201d, comunicaron desde la Gesti\u00f3n Moira Dantur, de ese municipio.<\/p>\n<p><img loading=\"lazy\" decoding=\"async\" class=\"aligncenter size-full wp-image-13301\" src=\"https:\/\/muycritico.com.ar\/web\/wp-content\/uploads\/2026\/02\/RIO-PIEDRAS2.jpg\" alt=\"\" width=\"1600\" height=\"1204\" srcset=\"https:\/\/muycritico.com.ar\/web\/wp-content\/uploads\/2026\/02\/RIO-PIEDRAS2.jpg 1600w, https:\/\/muycritico.com.ar\/web\/wp-content\/uploads\/2026\/02\/RIO-PIEDRAS2-768x578.jpg 768w, https:\/\/muycritico.com.ar\/web\/wp-content\/uploads\/2026\/02\/RIO-PIEDRAS2-1536x1156.jpg 1536w\" sizes=\"auto, (max-width: 1600px) 100vw, 1600px\" \/><\/p>\n<ul>\n<li>Profesorado de Educaci\u00f3n inicial<\/li>\n<li>Profesorado de Educaci\u00f3n Primaria<\/li>\n<li>Tecnicatura superior en higiene y seguridad laboral, desarrollo ambiental sostenible.<\/li>\n<\/ul>\n<p>El comunicado tambi\u00e9n incluy\u00f3 la bienvenida a todos los j\u00f3venes del Dpto., tanto de El Galp\u00f3n como de San Jos\u00e9 de Met\u00e1n, que decidieron formarse en nuestro Pueblo y por ende ser parte de nuestra comunidad.<\/p>\n<p>\u201cSeguimos apostando por el futuro de nuestros j\u00f3venes, en la formaci\u00f3n de educaci\u00f3n superior con fuerte salida laboral, porque creemos y estamos seguros que la educaci\u00f3n es el \u00fanico camino hacia el progreso de los pueblos\u201d, indica el municipio.<\/p>\n","protected":false},"excerpt":{"rendered":"<p>Esta semana dio inicio el cursado en el Instituto de Educaci\u00f3n Superior N\u00b0 6024 &#8221; Escuela Normal Superior Rep\u00fablica de Colombia&#8221; Anexo R\u00edo Piedras,\u00a0 la carrera de &#8220;tecnicatura superior en higiene y seguridad laboral desarrollo ambiental sostenible\u201d.\u00a0<\/p>\n","protected":false},"author":2,"featured_media":13300,"comment_status":"open","ping_status":"closed","sticky":false,"template":"","format":"standard","meta":{"footnotes":""},"categories":[6],"tags":[],"class_list":["post-13299","post","type-post","status-publish","format-standard","has-post-thumbnail","hentry","category-notas"],"_links":{"self":[{"href":"https:\/\/muycritico.com.ar\/web\/index.php?rest_route=\/wp\/v2\/posts\/13299","targetHints":{"allow":["GET"]}}],"collection":[{"href":"https:\/\/muycritico.com.ar\/web\/index.php?rest_route=\/wp\/v2\/posts"}],"about":[{"href":"https:\/\/muycritico.com.ar\/web\/index.php?rest_route=\/wp\/v2\/types\/post"}],"author":[{"embeddable":true,"href":"https:\/\/muycritico.com.ar\/web\/index.php?rest_route=\/wp\/v2\/users\/2"}],"replies":[{"embeddable":true,"href":"https:\/\/muycritico.com.ar\/web\/index.php?rest_route=%2Fwp%2Fv2%2Fcomments&post=13299"}],"version-history":[{"count":1,"href":"https:\/\/muycritico.com.ar\/web\/index.php?rest_route=\/wp\/v2\/posts\/13299\/revisions"}],"predecessor-version":[{"id":13302,"href":"https:\/\/muycritico.com.ar\/web\/index.php?rest_route=\/wp\/v2\/posts\/13299\/revisions\/13302"}],"wp:featuredmedia":[{"embeddable":true,"href":"https:\/\/muycritico.com.ar\/web\/index.php?rest_route=\/wp\/v2\/media\/13300"}],"wp:attachment":[{"href":"https:\/\/muycritico.com.ar\/web\/index.php?rest_route=%2Fwp%2Fv2%2Fmedia&parent=13299"}],"wp:term":[{"taxonomy":"category","embeddable":true,"href":"https:\/\/muycritico.com.ar\/web\/index.php?rest_route=%2Fwp%2Fv2%2Fcategories&post=13299"},{"taxonomy":"post_tag","embeddable":true,"href":"https:\/\/muycritico.com.ar\/web\/index.php?rest_route=%2Fwp%2Fv2%2Ftags&post=13299"}],"curies":[{"name":"wp","href":"https:\/\/api.w.org\/{rel}","templated":true}]}}