{"id":13157,"date":"2026-02-20T11:36:45","date_gmt":"2026-02-20T14:36:45","guid":{"rendered":"https:\/\/muycritico.com.ar\/web\/?p=13157"},"modified":"2026-02-20T13:27:00","modified_gmt":"2026-02-20T16:27:00","slug":"outes-muy-critico-con-milei-parece-que-en-el-interior-la-democracia-llega-mas-tarde","status":"publish","type":"post","link":"https:\/\/muycritico.com.ar\/web\/?p=13157","title":{"rendered":"OUTES MUY CRITICO CON MILEI: \u201cPARECE QUE EN EL INTERIOR LA DEMOCRACIA LLEGA M\u00c1S TARDE\u201d"},"content":{"rendered":"<p><strong>En el debate por la reforma laboral en la C\u00e1mara de Diputados de la Naci\u00f3n, el legislador salte\u00f1o de Innovaci\u00f3n Federal, Pablo Outes, defendi\u00f3 los cambios impulsados por el oficialismo, aunque al mismo tiempo lanz\u00f3 duras cr\u00edticas al rumbo econ\u00f3mico del presidente Javier Milei, dejando expuesta una fuerte contradicci\u00f3n pol\u00edtica. Asegur\u00f3 que es urgente actualizar una legislaci\u00f3n para los trabajadores del interior del pa\u00eds.<\/strong><\/p>\n<p><!--more--><\/p>\n<p>Pablo Outes expres\u00f3 con mucha claridad su malestar por la postergaci\u00f3n que sufren provincias como Salta, Jujuy y Misiones. Explic\u00f3 que en el interior no existen las grandes f\u00e1bricas y que el 93% de las empresas son micropymes que tienen entre dos y nueve empleados. \u201cNos dejaron sin industrias, nos dejaron sin rutas, nos dejaron sin universidades\u201d, denunci\u00f3 enf\u00e1ticamente el diputado.<\/p>\n<p>El legislador se\u00f1al\u00f3 que la ley de trabajo actual fue pensada para una Argentina que ya no existe y no tiene en cuenta a los peque\u00f1os talleres o almacenes del interior. Para Outes, esta indiferencia provoc\u00f3 que el 50% de los salte\u00f1os trabaje en la informalidad, sin acceso a una jubilaci\u00f3n ni a una obra social. Por esta raz\u00f3n, defendi\u00f3 la necesidad de modernizar las normas para que esos trabajadores tengan una oportunidad real de mejorar. \u201cNo conocen una jubilaci\u00f3n\u201d, resalt\u00f3.<\/p>\n<p>Por su parte Outes o asegur\u00f3 que, aunque no est\u00e1 de acuerdo con el rumbo del pa\u00eds, es urgente actualizar una legislaci\u00f3n para los trabajadores del interior del pa\u00eds.<\/p>\n<p>Durante su intervenci\u00f3n \u2014marcada por interrupciones y cruces en el recinto\u2014 Outes sostuvo que la legislaci\u00f3n laboral vigente qued\u00f3 desactualizada frente a la realidad productiva del interior y respald\u00f3 la necesidad de avanzar con modificaciones.<\/p>\n<blockquote class=\"instagram-media\" style=\"background: #FFF; border: 0; border-radius: 3px; box-shadow: 0 0 1px 0 rgba(0,0,0,0.5),0 1px 10px 0 rgba(0,0,0,0.15); margin: 1px; max-width: 540px; min-width: 326px; padding: 0; width: calc(100% - 2px);\" data-instgrm-captioned=\"\" data-instgrm-permalink=\"https:\/\/www.instagram.com\/reel\/DU_G1PKEZAB\/?utm_source=ig_embed&amp;utm_campaign=loading\" data-instgrm-version=\"14\">\n<div style=\"padding: 16px;\">\n<p>&nbsp;<\/p>\n<div style=\"display: flex; flex-direction: row; align-items: center;\">\n<div style=\"background-color: #f4f4f4; border-radius: 50%; flex-grow: 0; height: 40px; margin-right: 14px; width: 40px;\"><\/div>\n<div style=\"display: flex; flex-direction: column; flex-grow: 1; justify-content: center;\">\n<div style=\"background-color: #f4f4f4; border-radius: 4px; flex-grow: 0; height: 14px; margin-bottom: 6px; width: 100px;\"><\/div>\n<div style=\"background-color: #f4f4f4; border-radius: 4px; flex-grow: 0; height: 14px; width: 60px;\"><\/div>\n<\/div>\n<\/div>\n<div style=\"padding: 19% 0;\"><\/div>\n<div style=\"display: block; height: 50px; margin: 0 auto 12px; width: 50px;\"><\/div>\n<div style=\"padding-top: 8px;\">\n<div style=\"color: #3897f0; font-family: Arial,sans-serif; font-size: 14px; font-style: normal; font-weight: 550; line-height: 18px;\">Ver esta publicaci\u00f3n en Instagram<\/div>\n<\/div>\n<div style=\"padding: 12.5% 0;\"><\/div>\n<div style=\"display: flex; flex-direction: row; margin-bottom: 14px; align-items: center;\">\n<div>\n<div style=\"background-color: #f4f4f4; border-radius: 50%; height: 12.5px; width: 12.5px; transform: translateX(0px) translateY(7px);\"><\/div>\n<div style=\"background-color: #f4f4f4; height: 12.5px; transform: rotate(-45deg) translateX(3px) translateY(1px); width: 12.5px; flex-grow: 0; margin-right: 14px; margin-left: 2px;\"><\/div>\n<div style=\"background-color: #f4f4f4; border-radius: 50%; height: 12.5px; width: 12.5px; transform: translateX(9px) translateY(-18px);\"><\/div>\n<\/div>\n<div style=\"margin-left: 8px;\">\n<div style=\"background-color: #f4f4f4; border-radius: 50%; flex-grow: 0; height: 20px; width: 20px;\"><\/div>\n<div style=\"width: 0; height: 0; border-top: 2px solid transparent; border-left: 6px solid #f4f4f4; border-bottom: 2px solid transparent; transform: translateX(16px) translateY(-4px) rotate(30deg);\"><\/div>\n<\/div>\n<div style=\"margin-left: auto;\">\n<div style=\"width: 0px; border-top: 8px solid #F4F4F4; border-right: 8px solid transparent; transform: translateY(16px);\"><\/div>\n<div style=\"background-color: #f4f4f4; flex-grow: 0; height: 12px; width: 16px; transform: translateY(-4px);\"><\/div>\n<div style=\"width: 0; height: 0; border-top: 8px solid #F4F4F4; border-left: 8px solid transparent; transform: translateY(-4px) translateX(8px);\"><\/div>\n<\/div>\n<\/div>\n<div style=\"display: flex; flex-direction: column; flex-grow: 1; justify-content: center; margin-bottom: 24px;\">\n<div style=\"background-color: #f4f4f4; border-radius: 4px; flex-grow: 0; height: 14px; margin-bottom: 6px; width: 224px;\"><\/div>\n<div style=\"background-color: #f4f4f4; border-radius: 4px; flex-grow: 0; height: 14px; width: 144px;\"><\/div>\n<\/div>\n<p>&nbsp;<\/p>\n<p style=\"color: #c9c8cd; font-family: Arial,sans-serif; font-size: 14px; line-height: 17px; margin-bottom: 0; margin-top: 8px; overflow: hidden; padding: 8px 0 7px; text-align: center; text-overflow: ellipsis; white-space: nowrap;\"><a style=\"color: #c9c8cd; font-family: Arial,sans-serif; font-size: 14px; font-style: normal; font-weight: normal; line-height: 17px; text-decoration: none;\" href=\"https:\/\/www.instagram.com\/reel\/DU_G1PKEZAB\/?utm_source=ig_embed&amp;utm_campaign=loading\" target=\"_blank\" rel=\"noopener\">Una publicaci\u00f3n compartida por Muy Critico (@muycriticodigital)<\/a><\/p>\n<\/div>\n<\/blockquote>\n<p><script async src=\"\/\/www.instagram.com\/embed.js\"><\/script><\/p>\n<p><strong>\u201cEl modelo de Milei est\u00e1 fracasando, est\u00e1 abriendo las grietas\u201d<\/strong><\/p>\n<p>El legislador salte\u00f1o pidi\u00f3 que dejen de tener una mirada de corto plazo y que dejen de \u201cmirarse el ombligo\u201d. El diputado critic\u00f3 a sus compa\u00f1eros justicialistas y dijo que solo se preocupan por la Ciudad de Buenos Aires.<\/p>\n<p>\u201cParece que en el interior la democracia llega m\u00e1s tarde\u201d, sentenci\u00f3 al reclamar que nunca se le pregunta a las provincias qu\u00e9 necesitan. Record\u00f3 que hace 50 a\u00f1os el pa\u00eds ten\u00eda pleno empleo y una realidad distinta, pero que hoy el fanatismo pol\u00edtico impide ver que el mundo cambi\u00f3. Seg\u00fan su visi\u00f3n, el peronismo debe entender que la actualizaci\u00f3n laboral es imprescindible para que las peque\u00f1as empresas de las provincias puedan sobrevivir.<\/p>\n<p>A pesar de su voto a favor, Outes fue contundente al calificar la gesti\u00f3n actual de la Casa Rosada. \u201cEl modelo de Milei est\u00e1 fracasando, est\u00e1 abriendo las grietas\u201d, afirm\u00f3 el diputado, advirtiendo que no alcanza solo con cambiar las leyes. Asegur\u00f3 que para que la Argentina salga adelante es fundamental invertir en infraestructura y energ\u00eda, algo que hoy el Gobierno no est\u00e1 haciendo.<\/p>\n","protected":false},"excerpt":{"rendered":"<p>En el debate por la reforma laboral en la C\u00e1mara de Diputados de la Naci\u00f3n, el legislador salte\u00f1o de Innovaci\u00f3n Federal, Pablo Outes, defendi\u00f3 los cambios impulsados por el oficialismo, aunque al mismo tiempo lanz\u00f3 duras cr\u00edticas al rumbo econ\u00f3mico del presidente Javier Milei, dejando expuesta una fuerte contradicci\u00f3n pol\u00edtica. Asegur\u00f3 que es urgente actualizar [&hellip;]<\/p>\n","protected":false},"author":2,"featured_media":13158,"comment_status":"open","ping_status":"closed","sticky":false,"template":"","format":"standard","meta":{"footnotes":""},"categories":[6],"tags":[],"class_list":["post-13157","post","type-post","status-publish","format-standard","has-post-thumbnail","hentry","category-notas"],"_links":{"self":[{"href":"https:\/\/muycritico.com.ar\/web\/index.php?rest_route=\/wp\/v2\/posts\/13157","targetHints":{"allow":["GET"]}}],"collection":[{"href":"https:\/\/muycritico.com.ar\/web\/index.php?rest_route=\/wp\/v2\/posts"}],"about":[{"href":"https:\/\/muycritico.com.ar\/web\/index.php?rest_route=\/wp\/v2\/types\/post"}],"author":[{"embeddable":true,"href":"https:\/\/muycritico.com.ar\/web\/index.php?rest_route=\/wp\/v2\/users\/2"}],"replies":[{"embeddable":true,"href":"https:\/\/muycritico.com.ar\/web\/index.php?rest_route=%2Fwp%2Fv2%2Fcomments&post=13157"}],"version-history":[{"count":2,"href":"https:\/\/muycritico.com.ar\/web\/index.php?rest_route=\/wp\/v2\/posts\/13157\/revisions"}],"predecessor-version":[{"id":13167,"href":"https:\/\/muycritico.com.ar\/web\/index.php?rest_route=\/wp\/v2\/posts\/13157\/revisions\/13167"}],"wp:featuredmedia":[{"embeddable":true,"href":"https:\/\/muycritico.com.ar\/web\/index.php?rest_route=\/wp\/v2\/media\/13158"}],"wp:attachment":[{"href":"https:\/\/muycritico.com.ar\/web\/index.php?rest_route=%2Fwp%2Fv2%2Fmedia&parent=13157"}],"wp:term":[{"taxonomy":"category","embeddable":true,"href":"https:\/\/muycritico.com.ar\/web\/index.php?rest_route=%2Fwp%2Fv2%2Fcategories&post=13157"},{"taxonomy":"post_tag","embeddable":true,"href":"https:\/\/muycritico.com.ar\/web\/index.php?rest_route=%2Fwp%2Fv2%2Ftags&post=13157"}],"curies":[{"name":"wp","href":"https:\/\/api.w.org\/{rel}","templated":true}]}}