{"id":1315,"date":"2024-03-26T16:35:00","date_gmt":"2024-03-26T19:35:00","guid":{"rendered":"https:\/\/muycritico.com.ar\/web\/?p=1315"},"modified":"2026-01-18T19:25:34","modified_gmt":"2026-01-18T22:25:34","slug":"el-municipio-capitalino-efectua-arreglos-de-calzadas-en-distintos-puntos-de-la-ciudad","status":"publish","type":"post","link":"https:\/\/muycritico.com.ar\/web\/?p=1315","title":{"rendered":"EL MUNICIPIO CAPITALINO EFECT\u00daA ARREGLOS DE CALZADAS EN DISTINTOS PUNTOS DE LA CIUDAD"},"content":{"rendered":"<p><strong>Se trabaja con hormigonado en la intersecci\u00f3n de avenida Entre R\u00edos y Pje. Riobamba donde, adem\u00e1s, se est\u00e1 reponiendo la reja de desag\u00fce pluvial. En barrio La Almudena se finaliz\u00f3 la obra de pavimentaci\u00f3n de la v\u00eda principal.<\/strong><\/p>\n<p><!--more--><\/p>\n<p>En el marco del Plan de Arreglo de Calles, la Municipalidad se encuentra trabajando en distintos puntos de la ciudad con el fin de brindar mayor seguridad vial y mejor circulaci\u00f3n de veh\u00edculos.<\/p>\n<p>En avenida Entre R\u00edos esquina Pje. Riobamba, se est\u00e1n realizando tareas de hormigonado y reposici\u00f3n de reja de desag\u00fce pluvial.<\/p>\n<p><img loading=\"lazy\" decoding=\"async\" class=\"aligncenter size-full wp-image-1317\" src=\"https:\/\/muycritico.com.ar\/web\/wp-content\/uploads\/2024\/03\/MUNI2.jpg\" alt=\"\" width=\"1280\" height=\"720\" srcset=\"https:\/\/muycritico.com.ar\/web\/wp-content\/uploads\/2024\/03\/MUNI2.jpg 1280w, https:\/\/muycritico.com.ar\/web\/wp-content\/uploads\/2024\/03\/MUNI2-768x432.jpg 768w\" sizes=\"auto, (max-width: 1280px) 100vw, 1280px\" \/><\/p>\n<p>Respecto a la calzada, en estos \u00faltimos d\u00edas se hizo remoci\u00f3n de las placas de hormig\u00f3n y reconstrucci\u00f3n del paquete estructural. All\u00ed, hoy se coloc\u00f3 nuevo hormig\u00f3n en uno de los segmentos de la arteria.<\/p>\n<p>En este sector, el \u00e1rea de herrer\u00eda est\u00e1 reparando y colocando la reja del desag\u00fce pluvial que se hab\u00eda da\u00f1ado por el propio flujo vehicular.<\/p>\n<p><img loading=\"lazy\" decoding=\"async\" class=\"aligncenter size-full wp-image-1318\" src=\"https:\/\/muycritico.com.ar\/web\/wp-content\/uploads\/2024\/03\/MUNI3.jpg\" alt=\"\" width=\"1280\" height=\"720\" srcset=\"https:\/\/muycritico.com.ar\/web\/wp-content\/uploads\/2024\/03\/MUNI3.jpg 1280w, https:\/\/muycritico.com.ar\/web\/wp-content\/uploads\/2024\/03\/MUNI3-768x432.jpg 768w\" sizes=\"auto, (max-width: 1280px) 100vw, 1280px\" \/><\/p>\n<p>En tanto que, en el barrio La Almudena, ubicado en el oeste de la ciudad, finaliz\u00f3 la obra de pavimentaci\u00f3n en 100 metros lineales, equivalente a mil m2, sobre calle Toros de Guisando, al final de la barriada.<\/p>\n<p>En total, se repavimentaron 1.200 metros lineales sobre la calle Pe\u00f1\u00f3n de Gibraltar, que luego empalma con la calle Toros de Guisando. Ambas, unen el ingreso principal del barrio sobre ruta 28 hasta la calle Granada, ubicada hacia el final de La Almudena.<\/p>\n<p><img loading=\"lazy\" decoding=\"async\" class=\"aligncenter size-full wp-image-1319\" src=\"https:\/\/muycritico.com.ar\/web\/wp-content\/uploads\/2024\/03\/MUNI4.jpg\" alt=\"\" width=\"1280\" height=\"720\" srcset=\"https:\/\/muycritico.com.ar\/web\/wp-content\/uploads\/2024\/03\/MUNI4.jpg 1280w, https:\/\/muycritico.com.ar\/web\/wp-content\/uploads\/2024\/03\/MUNI4-768x432.jpg 768w\" sizes=\"auto, (max-width: 1280px) 100vw, 1280px\" \/><\/p>\n<p>Esta obra permitir\u00e1 una mejor circulaci\u00f3n de los vecinos del lugar como as\u00ed tambi\u00e9n de quienes opten por esta v\u00eda para unir Ruta 28 con Circunvalaci\u00f3n Oeste. Adem\u00e1s, la repavimentaci\u00f3n permitir\u00e1 un normal drenaje del agua de lluvia evitando anegamientos en lo que era una calzada de ripio.<\/p>\n<p><img loading=\"lazy\" decoding=\"async\" class=\"aligncenter size-full wp-image-1320\" src=\"https:\/\/muycritico.com.ar\/web\/wp-content\/uploads\/2024\/03\/MUNI8.jpg\" alt=\"\" width=\"1280\" height=\"720\" srcset=\"https:\/\/muycritico.com.ar\/web\/wp-content\/uploads\/2024\/03\/MUNI8.jpg 1280w, https:\/\/muycritico.com.ar\/web\/wp-content\/uploads\/2024\/03\/MUNI8-768x432.jpg 768w\" sizes=\"auto, (max-width: 1280px) 100vw, 1280px\" \/><\/p>\n","protected":false},"excerpt":{"rendered":"<p>Se trabaja con hormigonado en la intersecci\u00f3n de avenida Entre R\u00edos y Pje. Riobamba donde, adem\u00e1s, se est\u00e1 reponiendo la reja de desag\u00fce pluvial. En barrio La Almudena se finaliz\u00f3 la obra de pavimentaci\u00f3n de la v\u00eda principal.<\/p>\n","protected":false},"author":2,"featured_media":1316,"comment_status":"open","ping_status":"closed","sticky":false,"template":"","format":"standard","meta":{"footnotes":""},"categories":[6],"tags":[188,872],"class_list":["post-1315","post","type-post","status-publish","format-standard","has-post-thumbnail","hentry","category-notas","tag-municipalidad-de-salta","tag-victor-sacca"],"_links":{"self":[{"href":"https:\/\/muycritico.com.ar\/web\/index.php?rest_route=\/wp\/v2\/posts\/1315","targetHints":{"allow":["GET"]}}],"collection":[{"href":"https:\/\/muycritico.com.ar\/web\/index.php?rest_route=\/wp\/v2\/posts"}],"about":[{"href":"https:\/\/muycritico.com.ar\/web\/index.php?rest_route=\/wp\/v2\/types\/post"}],"author":[{"embeddable":true,"href":"https:\/\/muycritico.com.ar\/web\/index.php?rest_route=\/wp\/v2\/users\/2"}],"replies":[{"embeddable":true,"href":"https:\/\/muycritico.com.ar\/web\/index.php?rest_route=%2Fwp%2Fv2%2Fcomments&post=1315"}],"version-history":[{"count":1,"href":"https:\/\/muycritico.com.ar\/web\/index.php?rest_route=\/wp\/v2\/posts\/1315\/revisions"}],"predecessor-version":[{"id":1321,"href":"https:\/\/muycritico.com.ar\/web\/index.php?rest_route=\/wp\/v2\/posts\/1315\/revisions\/1321"}],"wp:featuredmedia":[{"embeddable":true,"href":"https:\/\/muycritico.com.ar\/web\/index.php?rest_route=\/wp\/v2\/media\/1316"}],"wp:attachment":[{"href":"https:\/\/muycritico.com.ar\/web\/index.php?rest_route=%2Fwp%2Fv2%2Fmedia&parent=1315"}],"wp:term":[{"taxonomy":"category","embeddable":true,"href":"https:\/\/muycritico.com.ar\/web\/index.php?rest_route=%2Fwp%2Fv2%2Fcategories&post=1315"},{"taxonomy":"post_tag","embeddable":true,"href":"https:\/\/muycritico.com.ar\/web\/index.php?rest_route=%2Fwp%2Fv2%2Ftags&post=1315"}],"curies":[{"name":"wp","href":"https:\/\/api.w.org\/{rel}","templated":true}]}}