{"id":12814,"date":"2026-02-01T21:08:47","date_gmt":"2026-02-02T00:08:47","guid":{"rendered":"https:\/\/muycritico.com.ar\/web\/?p=12814"},"modified":"2026-02-01T21:08:47","modified_gmt":"2026-02-02T00:08:47","slug":"autoridades-de-chicoana-expusieron-reclamos-por-cortes-de-energia","status":"publish","type":"post","link":"https:\/\/muycritico.com.ar\/web\/?p=12814","title":{"rendered":"AUTORIDADES DE CHICOANA EXPUSIERON RECLAMOS POR CORTES DE ENERG\u00cdA"},"content":{"rendered":"<p><strong>El presidente del Ente Regulador de los Servicios P\u00fablicos, Carlos Saravia, mantuvo una reuni\u00f3n de trabajo con el intendente de Chicoana, Esteban Ivetich, y el diputado provincial Emmanuel Ay\u00f3n, con el objetivo de abordar reclamos vinculados a cortes en el servicio de energ\u00eda el\u00e9ctrica que afectan a usuarios de la localidad.<\/strong><\/p>\n<p><!--more--><\/p>\n<p>Durante el encuentro, las autoridades municipales y legislativas presentaron una nota firmada por usuarios, en la que se detallan las problem\u00e1ticas registradas en la zona.<\/p>\n<p>A partir de lo planteado, se acord\u00f3 avanzar en acciones concretas para relevar la situaci\u00f3n del servicio y gestionar las soluciones correspondientes.<\/p>\n<p>De la reuni\u00f3n participaron tambi\u00e9n el secretario de Usuarios, Pedro de los R\u00edos, y el integrante de la Gerencia de Energ\u00eda El\u00e9ctrica del Ente, Carlos Simoneh, quienes coordinaron aspectos t\u00e9cnicos y operativos vinculados a la intervenci\u00f3n prevista.<\/p>\n<p>Como resultado del encuentro, se defini\u00f3 que la pr\u00f3xima semana equipos t\u00e9cnicos del Ente Regulador se trasladar\u00e1n a Chicoana para realizar relevamientos en territorio, verificar el estado del servicio y avanzar en las gestiones necesarias junto a la empresa prestataria.<\/p>\n<p>Desde el Ente Regulador se destac\u00f3 la importancia del trabajo articulado con autoridades locales y legislativas, como una herramienta clave para brindar respuestas concretas y mejorar la calidad de los servicios p\u00fablicos que reciben los usuarios.<\/p>\n","protected":false},"excerpt":{"rendered":"<p>El presidente del Ente Regulador de los Servicios P\u00fablicos, Carlos Saravia, mantuvo una reuni\u00f3n de trabajo con el intendente de Chicoana, Esteban Ivetich, y el diputado provincial Emmanuel Ay\u00f3n, con el objetivo de abordar reclamos vinculados a cortes en el servicio de energ\u00eda el\u00e9ctrica que afectan a usuarios de la localidad.<\/p>\n","protected":false},"author":2,"featured_media":12815,"comment_status":"open","ping_status":"closed","sticky":false,"template":"","format":"standard","meta":{"footnotes":""},"categories":[6],"tags":[],"class_list":["post-12814","post","type-post","status-publish","format-standard","has-post-thumbnail","hentry","category-notas"],"_links":{"self":[{"href":"https:\/\/muycritico.com.ar\/web\/index.php?rest_route=\/wp\/v2\/posts\/12814","targetHints":{"allow":["GET"]}}],"collection":[{"href":"https:\/\/muycritico.com.ar\/web\/index.php?rest_route=\/wp\/v2\/posts"}],"about":[{"href":"https:\/\/muycritico.com.ar\/web\/index.php?rest_route=\/wp\/v2\/types\/post"}],"author":[{"embeddable":true,"href":"https:\/\/muycritico.com.ar\/web\/index.php?rest_route=\/wp\/v2\/users\/2"}],"replies":[{"embeddable":true,"href":"https:\/\/muycritico.com.ar\/web\/index.php?rest_route=%2Fwp%2Fv2%2Fcomments&post=12814"}],"version-history":[{"count":1,"href":"https:\/\/muycritico.com.ar\/web\/index.php?rest_route=\/wp\/v2\/posts\/12814\/revisions"}],"predecessor-version":[{"id":12816,"href":"https:\/\/muycritico.com.ar\/web\/index.php?rest_route=\/wp\/v2\/posts\/12814\/revisions\/12816"}],"wp:featuredmedia":[{"embeddable":true,"href":"https:\/\/muycritico.com.ar\/web\/index.php?rest_route=\/wp\/v2\/media\/12815"}],"wp:attachment":[{"href":"https:\/\/muycritico.com.ar\/web\/index.php?rest_route=%2Fwp%2Fv2%2Fmedia&parent=12814"}],"wp:term":[{"taxonomy":"category","embeddable":true,"href":"https:\/\/muycritico.com.ar\/web\/index.php?rest_route=%2Fwp%2Fv2%2Fcategories&post=12814"},{"taxonomy":"post_tag","embeddable":true,"href":"https:\/\/muycritico.com.ar\/web\/index.php?rest_route=%2Fwp%2Fv2%2Ftags&post=12814"}],"curies":[{"name":"wp","href":"https:\/\/api.w.org\/{rel}","templated":true}]}}