{"id":12811,"date":"2026-02-01T20:48:54","date_gmt":"2026-02-01T23:48:54","guid":{"rendered":"https:\/\/muycritico.com.ar\/web\/?p=12811"},"modified":"2026-02-01T20:49:43","modified_gmt":"2026-02-01T23:49:43","slug":"salta-recibio-356-000-turistas-durante-enero-con-picos-de-ocupacion-en-destinos-del-interior","status":"publish","type":"post","link":"https:\/\/muycritico.com.ar\/web\/?p=12811","title":{"rendered":"SALTA RECIBI\u00d3 356.000 TURISTAS DURANTE ENERO, CON PICOS DE OCUPACI\u00d3N EN DESTINOS DEL INTERIOR"},"content":{"rendered":"<p><strong>El relevamiento hotelero realizado por el Ministerio de Turismo y Deportes durante el mes de enero registr\u00f3 un pernocte promedio de 4,6 noches y picos de ocupaci\u00f3n en distintos municipios de la provincia, en fechas coincidentes con festivales, ferias artesanales y eventos culturales.<\/strong><\/p>\n<p><!--more--><\/p>\n<p>Durante el mes de enero, Salta recibi\u00f3 aproximadamente 356.000 turistas, de acuerdo con estimaciones elaboradas en base a Big Data Mobility Insights \u2013 Telecom. En ese marco, la actividad tur\u00edstica en la provincia se desarroll\u00f3 de manera distribuida en todo el territorio, con picos de ocupaci\u00f3n registrados en determinados municipios y en fechas puntuales, en coincidencia con la realizaci\u00f3n de festivales, ferias artesanales y eventos culturales incluidos en el calendario de verano.<\/p>\n<p>Adem\u00e1s, seg\u00fan datos del relevamiento hotelero diario elaborado por el \u00e1rea de Estad\u00edsticas del Ministerio de Turismo y Deportes, el pernocte promedio registrado durante el mes fue de 4,6 noches, reflejando la permanencia de los visitantes en los distintos destinos de la provincia.<\/p>\n<p>En ese marco, se registraron picos de ocupaci\u00f3n en diversos municipios, entre los que se destacan:<\/p>\n<ul>\n<li>Molinos, con un 99% de ocupaci\u00f3n el 31 de enero, en el marco del Festival Nacional del Poncho, la Doma y el Folclore.<\/li>\n<li>Seclant\u00e1s, con un 89% de ocupaci\u00f3n el 10 de enero, en el marco del Festival El Seclante\u00f1o.<\/li>\n<li>San Lorenzo, con un 83% el 24 de enero, en un fin de semana de alta afluencia tur\u00edstica.<\/li>\n<li>Vaqueros, con un 83% el 30 de enero, en el marco de las actividades y propuestas de carnaval.<\/li>\n<li>Cachi, con un 81% el 24 de enero, durante el Festival de la Tradici\u00f3n Calchaqu\u00ed.<\/li>\n<li>San Carlos, con un 81% el 17 de enero, coincidente con la Feria Artesanal de los Valles Calchaqu\u00edes.<\/li>\n<li>Coronel Moldes, con un 75% el 24 de enero, en coincidencia con el Festival de la Canci\u00f3n.<\/li>\n<li>Cafayate, con un 69% el 17 de enero, en una de las fechas centrales de la temporada estival.<\/li>\n<\/ul>\n<p>Al respecto, la ministra de Turismo y Deportes, Manuela Arancibia, se\u00f1al\u00f3 que \u201clos datos del mes de enero reflejan el comportamiento del turismo en temporada de verano, con una fuerte incidencia de las fiestas populares y los eventos culturales en la ocupaci\u00f3n de los destinos del interior, y una distribuci\u00f3n del movimiento tur\u00edstico en distintas regiones de la provincia\u201d.<\/p>\n<p>Asimismo, destac\u00f3 que \u201cel pernocte promedio registrado permite analizar la permanencia de los visitantes y seguir trabajando en el fortalecimiento de la oferta tur\u00edstica, en articulaci\u00f3n con los municipios y el sector privado\u201d.<\/p>\n<p>Los resultados del mes de enero permiten dimensionar el impacto de la agenda de festivales y celebraciones tradicionales como uno de los principales motores de desplazamiento tur\u00edstico interno y regional durante la temporada estival.<\/p>\n","protected":false},"excerpt":{"rendered":"<p>El relevamiento hotelero realizado por el Ministerio de Turismo y Deportes durante el mes de enero registr\u00f3 un pernocte promedio de 4,6 noches y picos de ocupaci\u00f3n en distintos municipios de la provincia, en fechas coincidentes con festivales, ferias artesanales y eventos culturales.<\/p>\n","protected":false},"author":2,"featured_media":12812,"comment_status":"open","ping_status":"closed","sticky":false,"template":"","format":"standard","meta":{"footnotes":""},"categories":[6],"tags":[],"class_list":["post-12811","post","type-post","status-publish","format-standard","has-post-thumbnail","hentry","category-notas"],"_links":{"self":[{"href":"https:\/\/muycritico.com.ar\/web\/index.php?rest_route=\/wp\/v2\/posts\/12811","targetHints":{"allow":["GET"]}}],"collection":[{"href":"https:\/\/muycritico.com.ar\/web\/index.php?rest_route=\/wp\/v2\/posts"}],"about":[{"href":"https:\/\/muycritico.com.ar\/web\/index.php?rest_route=\/wp\/v2\/types\/post"}],"author":[{"embeddable":true,"href":"https:\/\/muycritico.com.ar\/web\/index.php?rest_route=\/wp\/v2\/users\/2"}],"replies":[{"embeddable":true,"href":"https:\/\/muycritico.com.ar\/web\/index.php?rest_route=%2Fwp%2Fv2%2Fcomments&post=12811"}],"version-history":[{"count":1,"href":"https:\/\/muycritico.com.ar\/web\/index.php?rest_route=\/wp\/v2\/posts\/12811\/revisions"}],"predecessor-version":[{"id":12813,"href":"https:\/\/muycritico.com.ar\/web\/index.php?rest_route=\/wp\/v2\/posts\/12811\/revisions\/12813"}],"wp:featuredmedia":[{"embeddable":true,"href":"https:\/\/muycritico.com.ar\/web\/index.php?rest_route=\/wp\/v2\/media\/12812"}],"wp:attachment":[{"href":"https:\/\/muycritico.com.ar\/web\/index.php?rest_route=%2Fwp%2Fv2%2Fmedia&parent=12811"}],"wp:term":[{"taxonomy":"category","embeddable":true,"href":"https:\/\/muycritico.com.ar\/web\/index.php?rest_route=%2Fwp%2Fv2%2Fcategories&post=12811"},{"taxonomy":"post_tag","embeddable":true,"href":"https:\/\/muycritico.com.ar\/web\/index.php?rest_route=%2Fwp%2Fv2%2Ftags&post=12811"}],"curies":[{"name":"wp","href":"https:\/\/api.w.org\/{rel}","templated":true}]}}