{"id":12801,"date":"2026-02-01T18:59:03","date_gmt":"2026-02-01T21:59:03","guid":{"rendered":"https:\/\/muycritico.com.ar\/web\/?p=12801"},"modified":"2026-02-01T19:23:45","modified_gmt":"2026-02-01T22:23:45","slug":"quiso-boxear-al-intendente-porque-le-pidio-que-se-bajara-de-la-ciclovia-en-su-moto","status":"publish","type":"post","link":"https:\/\/muycritico.com.ar\/web\/?p=12801","title":{"rendered":"QUISO \u201cBOXEAR\u201d AL INTENDENTE PORQUE LE PIDI\u00d3 QUE SE BAJARA DE LA CICLOV\u00cdA EN SU MOTO"},"content":{"rendered":"<p><strong>Emiliano Durand mostr\u00f3 un video en sus redes sociales donde un sujeto a bordo de una motocicleta de importante cilindrada no quiere entender que la ciclov\u00eda solo es de uso peatonal o bien a bordo de una bicicleta. \u201cSi no fueras pol\u00edtico te boxeo\u201d, le espet\u00f3 al jefe comunal.<\/strong><\/p>\n<p><!--more--><\/p>\n<p>Lamentablemente el respeto es un bien bastante escaso y sobre todo cuando viene de un sujeto con nula educaci\u00f3n y sobre todo Educaci\u00f3n Vial. Parece f\u00fatil tratar de \u201ceducar\u201d a esta clase de individuos quienes al parecer tienen la intenci\u00f3n de llevarse el mundo por delante.<\/p>\n<p>La inc\u00f3moda situaci\u00f3n fue grabada por el mismo intendente y subida a sus cuentas de redes sociales. All\u00ed se escucha un dialogo surrealista, donde el motociclista parece desconocer absolutamente las normas de tr\u00e1nsito o bien se hace el desentendido con tal de evitar un mal mayor, como ser infraccionado o algo peor, ver como su motocicleta es retenida por la autoridad, simplemente por no circular por donde corresponde. Algo tan natural como el aire que respiramos.<\/p>\n<p>\u201cEl respeto es la base de la ciudad que queremos. Las ciclov\u00edas son para peatones y ciclistas. Respetar cada espacio no es solo una norma, es cuidar al otro y elegir vivir en una sociedad m\u00e1s ordenada y civilizada. Hacer lo correcto, aunque nadie nos mire, es lo que nos hace mejores ciudadanos. \u00a1Construyamos juntos una Salta con m\u00e1s respeto!\u201d, reza el posteo del intendente tras el particular episodio.<\/p>\n<blockquote class=\"instagram-media\" style=\"background: #FFF; border: 0; border-radius: 3px; box-shadow: 0 0 1px 0 rgba(0,0,0,0.5),0 1px 10px 0 rgba(0,0,0,0.15); margin: 1px; max-width: 540px; min-width: 326px; padding: 0; width: calc(100% - 2px);\" data-instgrm-captioned=\"\" data-instgrm-permalink=\"https:\/\/www.instagram.com\/reel\/DUO1bnmkXKf\/?utm_source=ig_embed&amp;utm_campaign=loading\" data-instgrm-version=\"14\">\n<div style=\"padding: 16px;\">\n<p>&nbsp;<\/p>\n<div style=\"display: flex; flex-direction: row; align-items: center;\">\n<div style=\"background-color: #f4f4f4; border-radius: 50%; flex-grow: 0; height: 40px; margin-right: 14px; width: 40px;\"><\/div>\n<div style=\"display: flex; flex-direction: column; flex-grow: 1; justify-content: center;\">\n<div style=\"background-color: #f4f4f4; border-radius: 4px; flex-grow: 0; height: 14px; margin-bottom: 6px; width: 100px;\"><\/div>\n<div style=\"background-color: #f4f4f4; border-radius: 4px; flex-grow: 0; height: 14px; width: 60px;\"><\/div>\n<\/div>\n<\/div>\n<div style=\"padding: 19% 0;\"><\/div>\n<div style=\"display: block; height: 50px; margin: 0 auto 12px; width: 50px;\"><\/div>\n<div style=\"padding-top: 8px;\">\n<div style=\"color: #3897f0; font-family: Arial,sans-serif; font-size: 14px; font-style: normal; font-weight: 550; line-height: 18px;\">Ver esta publicaci\u00f3n en Instagram<\/div>\n<\/div>\n<div style=\"padding: 12.5% 0;\"><\/div>\n<div style=\"display: flex; flex-direction: row; margin-bottom: 14px; align-items: center;\">\n<div>\n<div style=\"background-color: #f4f4f4; border-radius: 50%; height: 12.5px; width: 12.5px; transform: translateX(0px) translateY(7px);\"><\/div>\n<div style=\"background-color: #f4f4f4; height: 12.5px; transform: rotate(-45deg) translateX(3px) translateY(1px); width: 12.5px; flex-grow: 0; margin-right: 14px; margin-left: 2px;\"><\/div>\n<div style=\"background-color: #f4f4f4; border-radius: 50%; height: 12.5px; width: 12.5px; transform: translateX(9px) translateY(-18px);\"><\/div>\n<\/div>\n<div style=\"margin-left: 8px;\">\n<div style=\"background-color: #f4f4f4; border-radius: 50%; flex-grow: 0; height: 20px; width: 20px;\"><\/div>\n<div style=\"width: 0; height: 0; border-top: 2px solid transparent; border-left: 6px solid #f4f4f4; border-bottom: 2px solid transparent; transform: translateX(16px) translateY(-4px) rotate(30deg);\"><\/div>\n<\/div>\n<div style=\"margin-left: auto;\">\n<div style=\"width: 0px; border-top: 8px solid #F4F4F4; border-right: 8px solid transparent; transform: translateY(16px);\"><\/div>\n<div style=\"background-color: #f4f4f4; flex-grow: 0; height: 12px; width: 16px; transform: translateY(-4px);\"><\/div>\n<div style=\"width: 0; height: 0; border-top: 8px solid #F4F4F4; border-left: 8px solid transparent; transform: translateY(-4px) translateX(8px);\"><\/div>\n<\/div>\n<\/div>\n<div style=\"display: flex; flex-direction: column; flex-grow: 1; justify-content: center; margin-bottom: 24px;\">\n<div style=\"background-color: #f4f4f4; border-radius: 4px; flex-grow: 0; height: 14px; margin-bottom: 6px; width: 224px;\"><\/div>\n<div style=\"background-color: #f4f4f4; border-radius: 4px; flex-grow: 0; height: 14px; width: 144px;\"><\/div>\n<\/div>\n<p>&nbsp;<\/p>\n<p style=\"color: #c9c8cd; font-family: Arial,sans-serif; font-size: 14px; line-height: 17px; margin-bottom: 0; margin-top: 8px; overflow: hidden; padding: 8px 0 7px; text-align: center; text-overflow: ellipsis; white-space: nowrap;\"><a style=\"color: #c9c8cd; font-family: Arial,sans-serif; font-size: 14px; font-style: normal; font-weight: normal; line-height: 17px; text-decoration: none;\" href=\"https:\/\/www.instagram.com\/reel\/DUO1bnmkXKf\/?utm_source=ig_embed&amp;utm_campaign=loading\" target=\"_blank\" rel=\"noopener\">Una publicaci\u00f3n compartida por Muy Critico (@muycriticodigital)<\/a><\/p>\n<\/div>\n<\/blockquote>\n<p><script async src=\"\/\/www.instagram.com\/embed.js\"><\/script><\/p>\n<p><strong>Los modales de un cavern\u00edcola<\/strong><\/p>\n<p>Al ser reprendido por la alta velocidad en la que transita y por quebrantar las leyes de transito con respecto a la v\u00eda que le corresponde para su veh\u00edculo, el sujeto se torn\u00f3 violento, respondiendo con evasivas.<\/p>\n<p>\u201cEsto se llama ciclovia, ciclo y ciclo\u201d, argumenta el sujeto en su b\u00e1sico lenguaje; a lo que el intendente trata de instruir como si se tratara de un ni\u00f1o. \u201cEsto es una ciclov\u00eda. Bici y peatones; y eso \u00bfC\u00f3mo se llama?\u201d, le pregunta Durand se\u00f1alando la calle; a lo que el sujeto responde \u201ccalle\u201d.<\/p>\n<p>A esa altura se parece a una parodia de esas que tienen un dialogo tan desopilante que ajusta para una comedia, pero aqu\u00ed no hay nada que cause gracia, todo lo contrario. El intendente le sigue la corriente y le pregunta por donde van las motos pero el sujeto haciendo moner\u00edas responde: \u201cPor la ciclov\u00eda\u201d.<\/p>\n<p><img loading=\"lazy\" decoding=\"async\" class=\"aligncenter size-full wp-image-12803\" src=\"https:\/\/muycritico.com.ar\/web\/wp-content\/uploads\/2026\/02\/MOTO-PATENTE.jpg\" alt=\"\" width=\"374\" height=\"469\" \/><\/p>\n<p>Antes de retirarse obviamente que lo hace sin la intenci\u00f3n de irse en silencio y quiere \u2013como buen soberbio\u2013 quedarse con la \u00faltima palabra: \u201csi no fueras pol\u00edtico te boxeo\u201d.<\/p>\n<p>La secuencia es una excelente forma de visualizar lo lejos que hemos quedado como sociedad de pretender pertenecer a una comunidad de primer mundo, donde las personas son respetuosas, donde se cede el paso a los peatones, donde nadie excede la velocidad permitida, donde no existen las motocicletas con ca\u00f1os de escape modificado que alteran la salud mental de la ciudadan\u00eda; y menos a\u00fan donde un troglodita como este reacciona de esta manera por el solo hecho de que se pide que haga lo correcto.\u00a0Finalmente el motociclista fue multado.<\/p>\n","protected":false},"excerpt":{"rendered":"<p>Emiliano Durand mostr\u00f3 un video en sus redes sociales donde un sujeto a bordo de una motocicleta de importante cilindrada no quiere entender que la ciclov\u00eda solo es de uso peatonal o bien a bordo de una bicicleta. \u201cSi no fueras pol\u00edtico te boxeo\u201d, le espet\u00f3 al jefe comunal.<\/p>\n","protected":false},"author":2,"featured_media":12802,"comment_status":"open","ping_status":"closed","sticky":false,"template":"","format":"standard","meta":{"footnotes":""},"categories":[3],"tags":[1345,187],"class_list":["post-12801","post","type-post","status-publish","format-standard","has-post-thumbnail","hentry","category-editorial","tag-ciclovias","tag-emiliano-durand"],"_links":{"self":[{"href":"https:\/\/muycritico.com.ar\/web\/index.php?rest_route=\/wp\/v2\/posts\/12801","targetHints":{"allow":["GET"]}}],"collection":[{"href":"https:\/\/muycritico.com.ar\/web\/index.php?rest_route=\/wp\/v2\/posts"}],"about":[{"href":"https:\/\/muycritico.com.ar\/web\/index.php?rest_route=\/wp\/v2\/types\/post"}],"author":[{"embeddable":true,"href":"https:\/\/muycritico.com.ar\/web\/index.php?rest_route=\/wp\/v2\/users\/2"}],"replies":[{"embeddable":true,"href":"https:\/\/muycritico.com.ar\/web\/index.php?rest_route=%2Fwp%2Fv2%2Fcomments&post=12801"}],"version-history":[{"count":4,"href":"https:\/\/muycritico.com.ar\/web\/index.php?rest_route=\/wp\/v2\/posts\/12801\/revisions"}],"predecessor-version":[{"id":12807,"href":"https:\/\/muycritico.com.ar\/web\/index.php?rest_route=\/wp\/v2\/posts\/12801\/revisions\/12807"}],"wp:featuredmedia":[{"embeddable":true,"href":"https:\/\/muycritico.com.ar\/web\/index.php?rest_route=\/wp\/v2\/media\/12802"}],"wp:attachment":[{"href":"https:\/\/muycritico.com.ar\/web\/index.php?rest_route=%2Fwp%2Fv2%2Fmedia&parent=12801"}],"wp:term":[{"taxonomy":"category","embeddable":true,"href":"https:\/\/muycritico.com.ar\/web\/index.php?rest_route=%2Fwp%2Fv2%2Fcategories&post=12801"},{"taxonomy":"post_tag","embeddable":true,"href":"https:\/\/muycritico.com.ar\/web\/index.php?rest_route=%2Fwp%2Fv2%2Ftags&post=12801"}],"curies":[{"name":"wp","href":"https:\/\/api.w.org\/{rel}","templated":true}]}}