{"id":12789,"date":"2026-01-31T12:25:58","date_gmt":"2026-01-31T15:25:58","guid":{"rendered":"https:\/\/muycritico.com.ar\/web\/?p=12789"},"modified":"2026-01-31T12:25:58","modified_gmt":"2026-01-31T15:25:58","slug":"avanza-el-plan-de-desarrollo-para-la-puna-olacapato-inicio-sus-pruebas-de-conexion-electrica","status":"publish","type":"post","link":"https:\/\/muycritico.com.ar\/web\/?p=12789","title":{"rendered":"AVANZA EL PLAN DE DESARROLLO PARA LA PUNA: OLACAPATO INICI\u00d3 SUS PRUEBAS DE CONEXI\u00d3N EL\u00c9CTRICA"},"content":{"rendered":"<p><strong>A partir de la carga brindada desde la Estaci\u00f3n Transformadora de Cauchari en Jujuy, comenz\u00f3 la etapa final del plan para sumarse al Sistema Argentino de Interconexi\u00f3n (SADI).<\/strong><\/p>\n<p><!--more--><\/p>\n<p>El viernes 30 de enero, aproximadamente a las 10.30 de la ma\u00f1ana, tom\u00f3 carga la localidad de Olacapato desde la Estaci\u00f3n Transformadora de Cauchari en Jujuy, transform\u00e1ndose de esta manera en la primera localidad de la puna salte\u00f1a interconectada al Sistema Argentino de Interconexi\u00f3n (SADI) y tener suministro el\u00e9ctrico desde la red nacional, reemplazando la generaci\u00f3n di\u00e9sel que la abastec\u00eda hasta ese momento.<\/p>\n<p>Este hito de trascendental importancia para toda la puna salte\u00f1a se logr\u00f3 gracias al trabajo articulado y conjunto de la empresa EDESA S.A., Cauchari Solar, la Secretar\u00eda de Energ\u00eda de Jujuy y la Direcci\u00f3n de Energ\u00eda El\u00e9ctrica de la Subsecretar\u00eda de Energ\u00eda dependiente de la Secretar\u00eda de Miner\u00eda de Salta, en conjunto con la localidad de Olacapato como parte de la \u201clicencia social\u201d que la provincia viene construye con las comunidades para el desarrollo de las actividades productivas en la zona.<\/p>\n<p>Los fondos fueron aportados en su mayor\u00eda por la provincia de Salta, en un 84%, con una inversi\u00f3n inicial de Naci\u00f3n del 16%.<\/p>\n<p>Adicionalmente, esta obra permitir\u00e1 darle suministro el\u00e9ctrico a la empresa minera \u201cManufactura de los Andes\u201d, permitiendo tambi\u00e9n que se sumen nuevos emprendimientos productivos privados al SADI, en la Puna salte\u00f1a.<\/p>\n<p>La conexi\u00f3n de esta localidad se enmarca en el Plan de Electrificaci\u00f3n Integral de la Puna que lleva adelante el Gobierno de la Provincia de Salta y consiste en una visi\u00f3n t\u00e9cnica y estrat\u00e9gica de provisi\u00f3n de electricidad, atendiendo las necesidades de las localidades de esta regi\u00f3n, adem\u00e1s de coordinar y orientar las diferentes necesidades expresadas por los proyectos mineros.<\/p>\n<p><strong>Olacapato: de la generaci\u00f3n diesel a la electrificaci\u00f3n<\/strong><\/p>\n<p>Olacapato actualmente cuenta con 273 habitantes, cifra que puede aumentar temporalmente con la presencia de trabajadores en per\u00edodos de mayor actividad. Su ubicaci\u00f3n en la meseta andina la convierte en una comunidad con condiciones de vida particulares por la altura y el aislamiento.<\/p>\n<p>Hasta ahora, el suministro el\u00e9ctrico de Olacapato se hab\u00eda basado en generaci\u00f3n local con grupos di\u00e9sel que funcionan de forma aislada del Sistema Argentino de Interconexi\u00f3n (SADI).<\/p>\n<p>La obra de electrificaci\u00f3n planificada para Olacapato cambia radicalmente ese escenario. El proyecto permite la vinculaci\u00f3n de la localidad al SADI mediante la interconexi\u00f3n con la futura Estaci\u00f3n Transformadora La Puna y con aportes de generaci\u00f3n renovable (incluyendo parque solar Cauchari), reemplazando gradualmente la generaci\u00f3n di\u00e9sel. De esta forma, Olacapato ser\u00e1 la primera localidad de la Puna salte\u00f1a en conectarse al SADI.<\/p>\n<p>El efecto pr\u00e1ctico sobre la comunidad ser\u00e1 inmediato y profundo, lo que la convierte no s\u00f3lo en una obra t\u00e9cnica: es una intervenci\u00f3n de car\u00e1cter estrat\u00e9gico, con fuerte anclaje social, que pone fin a una limitaci\u00f3n hist\u00f3rica para la comunidad, garantizando derechos b\u00e1sicos, potenciando oportunidades y sentando las bases para un desarrollo local m\u00e1s sostenible.<\/p>\n","protected":false},"excerpt":{"rendered":"<p>A partir de la carga brindada desde la Estaci\u00f3n Transformadora de Cauchari en Jujuy, comenz\u00f3 la etapa final del plan para sumarse al Sistema Argentino de Interconexi\u00f3n (SADI).<\/p>\n","protected":false},"author":2,"featured_media":12790,"comment_status":"open","ping_status":"closed","sticky":false,"template":"","format":"standard","meta":{"footnotes":""},"categories":[6],"tags":[],"class_list":["post-12789","post","type-post","status-publish","format-standard","has-post-thumbnail","hentry","category-notas"],"_links":{"self":[{"href":"https:\/\/muycritico.com.ar\/web\/index.php?rest_route=\/wp\/v2\/posts\/12789","targetHints":{"allow":["GET"]}}],"collection":[{"href":"https:\/\/muycritico.com.ar\/web\/index.php?rest_route=\/wp\/v2\/posts"}],"about":[{"href":"https:\/\/muycritico.com.ar\/web\/index.php?rest_route=\/wp\/v2\/types\/post"}],"author":[{"embeddable":true,"href":"https:\/\/muycritico.com.ar\/web\/index.php?rest_route=\/wp\/v2\/users\/2"}],"replies":[{"embeddable":true,"href":"https:\/\/muycritico.com.ar\/web\/index.php?rest_route=%2Fwp%2Fv2%2Fcomments&post=12789"}],"version-history":[{"count":1,"href":"https:\/\/muycritico.com.ar\/web\/index.php?rest_route=\/wp\/v2\/posts\/12789\/revisions"}],"predecessor-version":[{"id":12791,"href":"https:\/\/muycritico.com.ar\/web\/index.php?rest_route=\/wp\/v2\/posts\/12789\/revisions\/12791"}],"wp:featuredmedia":[{"embeddable":true,"href":"https:\/\/muycritico.com.ar\/web\/index.php?rest_route=\/wp\/v2\/media\/12790"}],"wp:attachment":[{"href":"https:\/\/muycritico.com.ar\/web\/index.php?rest_route=%2Fwp%2Fv2%2Fmedia&parent=12789"}],"wp:term":[{"taxonomy":"category","embeddable":true,"href":"https:\/\/muycritico.com.ar\/web\/index.php?rest_route=%2Fwp%2Fv2%2Fcategories&post=12789"},{"taxonomy":"post_tag","embeddable":true,"href":"https:\/\/muycritico.com.ar\/web\/index.php?rest_route=%2Fwp%2Fv2%2Ftags&post=12789"}],"curies":[{"name":"wp","href":"https:\/\/api.w.org\/{rel}","templated":true}]}}