{"id":12786,"date":"2026-01-31T12:10:00","date_gmt":"2026-01-31T15:10:00","guid":{"rendered":"https:\/\/muycritico.com.ar\/web\/?p=12786"},"modified":"2026-01-31T12:10:00","modified_gmt":"2026-01-31T15:10:00","slug":"fin-del-chavismo-cierran-el-centro-de-tortura-el-helicoide-y-van-a-amnistiar-a-todos-los-presos-politicos","status":"publish","type":"post","link":"https:\/\/muycritico.com.ar\/web\/?p=12786","title":{"rendered":"FIN DEL CHAVISMO: CIERRAN EL CENTRO DE TORTURA EL HELICOIDE Y VAN A AMNISTIAR A TODOS LOS PRESOS POLITICOS"},"content":{"rendered":"<p><strong>Delcy Rodr\u00edguez anunci\u00f3 el env\u00edo de una ley de amnist\u00eda para todos los presos pol\u00edticos en Venezuela y el cierre de El Helicoide. La presidenta encargada pidi\u00f3 celeridad en el tratamiento a la Asamblea Nacional. Foto: AP\/Ariana Cubillos\u00a0<\/strong><\/p>\n<p><!--more--><\/p>\n<p>En un giro hist\u00f3rico, Delcy Rodr\u00edguez, la presidenta encargada de Venezuela tras la captura del dictador Nicol\u00e1s Maduro por parte de Estados Unidos, anunci\u00f3 este viernes el env\u00edo de una ley de amnist\u00eda para todos los presos pol\u00edticos del pa\u00eds desde 1999 hasta el presente. Adem\u00e1s, adelant\u00f3 el cierre del temido Helicoide, el shopping que se convirti\u00f3 en una c\u00e1rcel de torturas del r\u00e9gimen. Sostuvo, adem\u00e1s, que la medida es avalada por el lider chavista preso &#8220;con quien tenemos intercambios&#8221;.<\/p>\n<p>Un detallado informe de Clar\u00edn, horas despu\u00e9s de la \u00faltima conversaci\u00f3n con el presidente de Estados Unidos, Donald Trump, y del secretario de Estado, Marco Rubio, Delcy Rodr\u00edguez encabez\u00f3 el acto de apertura del a\u00f1o judicial, y frente al Tribunal Supremo de Justicia (TSJ) anunci\u00f3 el proyecto de ley m\u00e1s importante desde la captura de Maduro por parte de Estados Unidos.<\/p>\n<p>&#8220;Hemos decidido impulsar una ley de amnist\u00eda general que cubra todo el per\u00edodo de violencia pol\u00edtica, desde 1999 al presente. Y encargo a la comisi\u00f3n para al Revoluci\u00f3n Judicial y al programa para la convivencia democr\u00e1tica y la paz para que en las pr\u00f3ximas horas, instalados en urgencia, presenten la ley ante la Asamblea Nacional. Pido la m\u00e1xima colaboraci\u00f3n del cuerpo Legislativo&#8221;, afirm\u00f3 Delcy Rodr\u00edguez.<\/p>\n<p>&#8220;Que sea una ley que sirva para reparar las heridas que ha dejado la confrontaci\u00f3n pol\u00edtica, desde la violencia, desde el extremismo, que sirva para rencausar la Justicia y la convivencia entre los venezolanos&#8221;, sostuvo la presidenta ante u auditorio colmado y el aplauso del n\u00famero dos del r\u00e9gimen, Diosdado Cabello, enfocado en la transmisi\u00f3n oficial.<\/p>\n<p>&#8220;Es un anuncio que hemos discutido en el alto mando pol\u00edtico de la Revoluci\u00f3n, y que cuenta con la decisi\u00f3n del presidente Nicol\u00e1s Maduro y de la primera dama con quienes tenemos intercambios y las l\u00edneas que nos brindaron por si llegase a ocurrir una situaci\u00f3n calamitosa para nuestra patria, como en efecto ocurri\u00f3&#8221;, recalc\u00f3 la presidenta sobre el dictador que hoy est\u00e1 preso en Nueva York.<\/p>\n<p>&#8220;Pido a los venezolanos que no se impongan la venganza, la revancha o el odio. Estamos d\u00e1ndole una oportunidad para vivir en paz y en tranquilidad en Venezuela. Con diferencias, que las hay, desde la diversidad y la pluralidad que existe, podamos coexistir con respeto a la ley y a la Justicia&#8221;, remarc\u00f3 Delcy Rodr\u00edguez. Y detall\u00f3 que quedan exceptuados de la amnist\u00eda los procesados o condenados por homicidio, tr\u00e1fico de drogas, corrupci\u00f3n y violaciones graves a los derechos humanos.<\/p>\n<blockquote class=\"twitter-tweet\">\n<p dir=\"ltr\" lang=\"es\">ABAJO CADENAS!<br \/>\nLIBERTAD PARA VENEZUELA! <a href=\"https:\/\/t.co\/fBH2f4anHv\">pic.twitter.com\/fBH2f4anHv<\/a><\/p>\n<p>\u2014 Mar\u00eda Corina Machado (@MariaCorinaYA) <a href=\"https:\/\/twitter.com\/MariaCorinaYA\/status\/2017410838512968030?ref_src=twsrc%5Etfw\">January 31, 2026<\/a><\/p><\/blockquote>\n<p><script async src=\"https:\/\/platform.twitter.com\/widgets.js\" charset=\"utf-8\"><\/script><\/p>\n<p>Tal como lo hab\u00eda deslizado Trump tres d\u00edas despu\u00e9s de la captura de Maduro, Delcy Rodr\u00edguez tambi\u00e9n adelant\u00f3 el cierre de El Helicoide, la temida prisi\u00f3n que se convirti\u00f3 en un s\u00edmbolo de las torturas del chavismo a los opositores. &#8220;Hemos decidido que las instalaciones de El Helicoide, que hoy sirven como centro de detenci\u00f3n, se conviertan en un centro social, deportivo, cultural, y comercial para la familia policial y para las comunidades aleda\u00f1as&#8221;, anunci\u00f3 la presienta encargada.<\/p>\n<p>Se trata de uno de los anuncios m\u00e1s importantes del r\u00e9gimen tras la captura de Maduro. Cinco d\u00edas despu\u00e9s de la intervenci\u00f3n militar de Estados Unidos en Venezuela, el presidente de la Asamblea Nacional, Jorge Rodr\u00edguez, hermano de Delcy, anunci\u00f3 la liberaci\u00f3n de &#8220;un n\u00famero importante&#8221; de presos pol\u00edticos. Pero esas liberaciones fueron a cuentagotas y sin explicaciones oficiales sobre la elecci\u00f3n de los liberados.<\/p>\n<p>Mientras la dictadura chavista destaca que excarcelaron a m\u00e1s de 600 personas, las organizaciones de derechos humanos contabilizaron apenas al liberaci\u00f3n a 302 personas que recuperaron, entre ellos varios extranjeros. Si bien, liberaron al argentino-israel\u00ed Yaacob Harary, por ahora permanecen detenidos el gendarme argentino Nahuel Gallo y el abogado Germ\u00e1n Giuliani. Ambos est\u00e1n presos por causas de terrorismo y financiamiento del terrorismo, por lo que ser\u00edan alcanzados por la amnist\u00eda.<\/p>\n<p>Por otro lado, a los liberados el r\u00e9gimen les hizo firmar c\u00e9dulas de excarcelaci\u00f3n en las que no pueden hablar con la prensa, ni a trav\u00e9s de las redes sociales. Unos pocos liberados se animaron a romper el bozal chavista y relataron las torturas sufridas en las distintas c\u00e1rceles venezolanas, en las que fueron encarcelados por terrorismo sin prueba alguna.<\/p>\n<p>Pero seg\u00fan el anuncio oficial de este viernes, el proyecto de amnist\u00eda es m\u00e1s amplio que la libertad a los presos pol\u00edticos. Tambi\u00e9n le quitar\u00eda los cargos a los opositores perseguidos por causas sin pruebas. Hoy, muchos de ellos est\u00e1n clandestinos dentro de Venezuela y en algunos casos han salido del pa\u00eds como Mar\u00eda Corina Machado.<\/p>\n<p>La ganadora del premio Nobel de la Paz, escap\u00f3 del pa\u00eds a principios de diciembre del a\u00f1o pasado rumbo a Noruega. Esta semana, Machado se reuni\u00f3 en Washington con Marcio Rubio. &#8220;27 a\u00f1os de devastaci\u00f3n criminal requieren que todos los venezolanos entreguemos nuestro talento y esfuerzo para construir una gran naci\u00f3n con instituciones democr\u00e1ticas robustas, libertad y dignidad, a la cual nuestros hijos puedan volver&#8221;, coment\u00f3 Machado tras el encuentro.<\/p>\n<p>Luego del anuncio de Delcy Rodr\u00edguez, Corina Machado subi\u00f3 a X una particular foto en referencia a la amnist\u00eda para los presos pol\u00edticos. &#8220;\u00a1Abajo cadenas! \u00a1Libertad para Venezuela!&#8221;, exclam\u00f3.<\/p>\n<p>Ahora se esperan el pronto tratamiento del proyecto de ley. Algunos de los pol\u00edticos opositores que est\u00e1n en la clandestinidad en Venezuela, hab\u00edan adelantado a Clar\u00edn que el r\u00e9gimen intentar\u00eda aprobar una amnist\u00eda a trav\u00e9s de la Asamblea Nacional y lo consideraban una trampa. Es que la oposici\u00f3n cuestiona la legitimidad de la Asamblea y ahora se deber\u00e1n acoger a lo que sancione ese poder Legislativo controvertido.<\/p>\n<p>&#8220;Los que se adhieran a la ley, como deber\u00eda hacer yo, deber\u00e1n reconocer a la Asamblea. Algunos lo consideramos una trampa, pero no nos va a quedar otra alternativa&#8221;, le dijo el ex diputado de Venezuela a este diario.<\/p>\n","protected":false},"excerpt":{"rendered":"<p>Delcy Rodr\u00edguez anunci\u00f3 el env\u00edo de una ley de amnist\u00eda para todos los presos pol\u00edticos en Venezuela y el cierre de El Helicoide. La presidenta encargada pidi\u00f3 celeridad en el tratamiento a la Asamblea Nacional. Foto: AP\/Ariana Cubillos\u00a0<\/p>\n","protected":false},"author":2,"featured_media":12787,"comment_status":"open","ping_status":"closed","sticky":false,"template":"","format":"standard","meta":{"footnotes":""},"categories":[6],"tags":[],"class_list":["post-12786","post","type-post","status-publish","format-standard","has-post-thumbnail","hentry","category-notas"],"_links":{"self":[{"href":"https:\/\/muycritico.com.ar\/web\/index.php?rest_route=\/wp\/v2\/posts\/12786","targetHints":{"allow":["GET"]}}],"collection":[{"href":"https:\/\/muycritico.com.ar\/web\/index.php?rest_route=\/wp\/v2\/posts"}],"about":[{"href":"https:\/\/muycritico.com.ar\/web\/index.php?rest_route=\/wp\/v2\/types\/post"}],"author":[{"embeddable":true,"href":"https:\/\/muycritico.com.ar\/web\/index.php?rest_route=\/wp\/v2\/users\/2"}],"replies":[{"embeddable":true,"href":"https:\/\/muycritico.com.ar\/web\/index.php?rest_route=%2Fwp%2Fv2%2Fcomments&post=12786"}],"version-history":[{"count":1,"href":"https:\/\/muycritico.com.ar\/web\/index.php?rest_route=\/wp\/v2\/posts\/12786\/revisions"}],"predecessor-version":[{"id":12788,"href":"https:\/\/muycritico.com.ar\/web\/index.php?rest_route=\/wp\/v2\/posts\/12786\/revisions\/12788"}],"wp:featuredmedia":[{"embeddable":true,"href":"https:\/\/muycritico.com.ar\/web\/index.php?rest_route=\/wp\/v2\/media\/12787"}],"wp:attachment":[{"href":"https:\/\/muycritico.com.ar\/web\/index.php?rest_route=%2Fwp%2Fv2%2Fmedia&parent=12786"}],"wp:term":[{"taxonomy":"category","embeddable":true,"href":"https:\/\/muycritico.com.ar\/web\/index.php?rest_route=%2Fwp%2Fv2%2Fcategories&post=12786"},{"taxonomy":"post_tag","embeddable":true,"href":"https:\/\/muycritico.com.ar\/web\/index.php?rest_route=%2Fwp%2Fv2%2Ftags&post=12786"}],"curies":[{"name":"wp","href":"https:\/\/api.w.org\/{rel}","templated":true}]}}