{"id":12779,"date":"2026-01-30T16:27:15","date_gmt":"2026-01-30T19:27:15","guid":{"rendered":"https:\/\/muycritico.com.ar\/web\/?p=12779"},"modified":"2026-01-30T16:27:15","modified_gmt":"2026-01-30T19:27:15","slug":"gabinete-de-gestion-el-gobierno-alinea-la-formacion-y-la-demanda-minera-con-vision-estrategica","status":"publish","type":"post","link":"https:\/\/muycritico.com.ar\/web\/?p=12779","title":{"rendered":"GABINETE DE GESTI\u00d3N: EL GOBIERNO ALINEA LA FORMACI\u00d3N Y LA DEMANDA MINERA CON VISI\u00d3N ESTRAT\u00c9GICA"},"content":{"rendered":"<p><strong>A trav\u00e9s de un trabajo conjunto de diferentes \u00e1reas, la Provincia busca identificar los perfiles laborales requeridos para asegurar empleabilidad para los salte\u00f1os.<\/strong><\/p>\n<p><!--more--><\/p>\n<p>El Gobierno provincial ajusta los procedimientos para que la formaci\u00f3n en oficios mineros coincida con la demanda laboral del sector. El jefe de Gabinete, Sergio Camacho, analiz\u00f3 la coordinaci\u00f3n de acciones con funcionarios vinculados al tema, con una prioridad clara: que los salte\u00f1os puedan seguir capacit\u00e1ndose para acceder a empleos disponibles.<\/p>\n<p>El tema se trat\u00f3 en una reuni\u00f3n del Gabinete de Gesti\u00f3n con los ministros de Educaci\u00f3n y Cultura, Cristina Fiore, y de Gobierno y Justicia, Ignacio Jars\u00fan; el secretario de Miner\u00eda, Gustavo Carrizo; y el rector de la Universidad Provincial de Administraci\u00f3n, Tecnolog\u00eda y Oficios (Upateco), Carlos Morello.<\/p>\n<p><iframe loading=\"lazy\" title=\"Gabinete de Gesti\u00f3n: el Gobierno alinea la formaci\u00f3n y la demanda minera con visi\u00f3n estrat\u00e9gica\" width=\"696\" height=\"392\" src=\"https:\/\/www.youtube.com\/embed\/GVwWcyY3bQQ?feature=oembed\" frameborder=\"0\" allow=\"accelerometer; autoplay; clipboard-write; encrypted-media; gyroscope; picture-in-picture; web-share\" referrerpolicy=\"strict-origin-when-cross-origin\" allowfullscreen><\/iframe><\/p>\n<p>Las decisiones se tomar\u00e1n en una mesa educativa encabezada por el Ministerio de Educaci\u00f3n. El trabajo partir\u00e1 de la identificaci\u00f3n de perfiles realizada por la Secretar\u00eda de Miner\u00eda, organismo que vincula al sector privado mediante un fuerte despliegue territorial.<\/p>\n<p>\u201cEsto constituye la visi\u00f3n estrat\u00e9gica de la Provincia: obtener un mapa de perfiles y un plan de formaci\u00f3n para una empleabilidad real. Buscamos que la previsibilidad y la anticipaci\u00f3n sean efectivas, con un Estado articulador que define la formaci\u00f3n de talentos como pol\u00edtica de desarrollo, siendo el territorio su eje\u201d, inform\u00f3 Carrizo.<\/p>\n<p>La Provincia cuenta con el portal trabajomineria.salta.gob.ar en el que las empresas y proveedores mineros pueden cargar sus b\u00fasquedas laborales, facilitando el acceso a talento calificado. Los trabajadores, a su vez, pueden registrar perfiles, subir CV y certificaciones para aplicar a las vacantes disponibles. Se trata de un sistema p\u00fablico y gratuito.<\/p>\n<p>Morello indic\u00f3 que la Upateco est\u00e1 trabajando en la oferta acad\u00e9mica 2026. \u201cEstamos muy interesados y trabajando en la capacitaci\u00f3n de los salte\u00f1os para que puedan acceder a la miner\u00eda\u201d, dijo, al se\u00f1alar que \u201ctenemos reuniones permanentes con las distintas empresas mineras que operan en la provincia de Salta y nos van comentando los perfiles de trabajadores que demandan\u201d.<\/p>\n","protected":false},"excerpt":{"rendered":"<p>A trav\u00e9s de un trabajo conjunto de diferentes \u00e1reas, la Provincia busca identificar los perfiles laborales requeridos para asegurar empleabilidad para los salte\u00f1os.<\/p>\n","protected":false},"author":2,"featured_media":12780,"comment_status":"open","ping_status":"closed","sticky":false,"template":"","format":"standard","meta":{"footnotes":""},"categories":[6],"tags":[],"class_list":["post-12779","post","type-post","status-publish","format-standard","has-post-thumbnail","hentry","category-notas"],"_links":{"self":[{"href":"https:\/\/muycritico.com.ar\/web\/index.php?rest_route=\/wp\/v2\/posts\/12779","targetHints":{"allow":["GET"]}}],"collection":[{"href":"https:\/\/muycritico.com.ar\/web\/index.php?rest_route=\/wp\/v2\/posts"}],"about":[{"href":"https:\/\/muycritico.com.ar\/web\/index.php?rest_route=\/wp\/v2\/types\/post"}],"author":[{"embeddable":true,"href":"https:\/\/muycritico.com.ar\/web\/index.php?rest_route=\/wp\/v2\/users\/2"}],"replies":[{"embeddable":true,"href":"https:\/\/muycritico.com.ar\/web\/index.php?rest_route=%2Fwp%2Fv2%2Fcomments&post=12779"}],"version-history":[{"count":1,"href":"https:\/\/muycritico.com.ar\/web\/index.php?rest_route=\/wp\/v2\/posts\/12779\/revisions"}],"predecessor-version":[{"id":12781,"href":"https:\/\/muycritico.com.ar\/web\/index.php?rest_route=\/wp\/v2\/posts\/12779\/revisions\/12781"}],"wp:featuredmedia":[{"embeddable":true,"href":"https:\/\/muycritico.com.ar\/web\/index.php?rest_route=\/wp\/v2\/media\/12780"}],"wp:attachment":[{"href":"https:\/\/muycritico.com.ar\/web\/index.php?rest_route=%2Fwp%2Fv2%2Fmedia&parent=12779"}],"wp:term":[{"taxonomy":"category","embeddable":true,"href":"https:\/\/muycritico.com.ar\/web\/index.php?rest_route=%2Fwp%2Fv2%2Fcategories&post=12779"},{"taxonomy":"post_tag","embeddable":true,"href":"https:\/\/muycritico.com.ar\/web\/index.php?rest_route=%2Fwp%2Fv2%2Ftags&post=12779"}],"curies":[{"name":"wp","href":"https:\/\/api.w.org\/{rel}","templated":true}]}}