{"id":12775,"date":"2026-01-30T15:05:36","date_gmt":"2026-01-30T18:05:36","guid":{"rendered":"https:\/\/muycritico.com.ar\/web\/?p=12775"},"modified":"2026-01-30T15:05:36","modified_gmt":"2026-01-30T18:05:36","slug":"siete-personas-seran-imputadas-por-la-muerte-del-detenido-que-murio-en-el-hospital","status":"publish","type":"post","link":"https:\/\/muycritico.com.ar\/web\/?p=12775","title":{"rendered":"SIETE PERSONAS SER\u00c1N IMPUTADAS POR LA MUERTE DEL DETENIDO QUE MURI\u00d3 EN EL HOSPITAL"},"content":{"rendered":"<p><strong>El hecho se produjo luego de que un detenido falleciera en el hospital local, adonde hab\u00eda sido trasladado para recibir asistencia m\u00e9dica. La victima es un interno que estaba detenido por una causa de abuso sexual contra una menor<\/strong><\/p>\n<p><!--more--><\/p>\n<p>La fiscal penal 1 de Anta, en feria, Mar\u00eda Celeste Garc\u00eda Pisacic, inform\u00f3 avances en la investigaci\u00f3n que se sigue por la muerte de un hombre que se encontraba detenido en el marco de una causa por abuso sexual contra una menor, y que falleci\u00f3 en el hospital local luego de recibir asistencia m\u00e9dica.<\/p>\n<p>En el marco de la investigaci\u00f3n, la fiscal solicit\u00f3 la detenci\u00f3n de siete personas, todas ellas privadas de la libertad por distintos delitos, conforme surge de las actuaciones. Las audiencias de imputaci\u00f3n se concretar\u00e1n este s\u00e1bado 31 de enero, en sede fiscal, luego del correspondiente control de legalidad previsto para hoy.<\/p>\n<p>La jornada de ayer concluy\u00f3 con una extensa etapa de recepci\u00f3n de testimonios, durante la cual se tomaron numerosas declaraciones y se profundiz\u00f3 el relevamiento de indicios de inter\u00e9s para la causa.<\/p>\n<p>Entre las medidas que contin\u00faan desarroll\u00e1ndose, se encuentran la intervenci\u00f3n del Cuerpo de Investigaciones Fiscales, con traslado de personal especializado desde la ciudad de Salta, tareas de inspecci\u00f3n ocular, an\u00e1lisis de registros, pericias t\u00e9cnicas, secuestro y an\u00e1lisis de elementos de inter\u00e9s, ampliaci\u00f3n de testimonios y todas aquellas diligencias orientadas al esclarecimiento del hecho.<\/p>\n","protected":false},"excerpt":{"rendered":"<p>El hecho se produjo luego de que un detenido falleciera en el hospital local, adonde hab\u00eda sido trasladado para recibir asistencia m\u00e9dica. La victima es un interno que estaba detenido por una causa de abuso sexual contra una menor<\/p>\n","protected":false},"author":2,"featured_media":12777,"comment_status":"open","ping_status":"closed","sticky":false,"template":"","format":"standard","meta":{"footnotes":""},"categories":[6],"tags":[],"class_list":["post-12775","post","type-post","status-publish","format-standard","has-post-thumbnail","hentry","category-notas"],"_links":{"self":[{"href":"https:\/\/muycritico.com.ar\/web\/index.php?rest_route=\/wp\/v2\/posts\/12775","targetHints":{"allow":["GET"]}}],"collection":[{"href":"https:\/\/muycritico.com.ar\/web\/index.php?rest_route=\/wp\/v2\/posts"}],"about":[{"href":"https:\/\/muycritico.com.ar\/web\/index.php?rest_route=\/wp\/v2\/types\/post"}],"author":[{"embeddable":true,"href":"https:\/\/muycritico.com.ar\/web\/index.php?rest_route=\/wp\/v2\/users\/2"}],"replies":[{"embeddable":true,"href":"https:\/\/muycritico.com.ar\/web\/index.php?rest_route=%2Fwp%2Fv2%2Fcomments&post=12775"}],"version-history":[{"count":1,"href":"https:\/\/muycritico.com.ar\/web\/index.php?rest_route=\/wp\/v2\/posts\/12775\/revisions"}],"predecessor-version":[{"id":12778,"href":"https:\/\/muycritico.com.ar\/web\/index.php?rest_route=\/wp\/v2\/posts\/12775\/revisions\/12778"}],"wp:featuredmedia":[{"embeddable":true,"href":"https:\/\/muycritico.com.ar\/web\/index.php?rest_route=\/wp\/v2\/media\/12777"}],"wp:attachment":[{"href":"https:\/\/muycritico.com.ar\/web\/index.php?rest_route=%2Fwp%2Fv2%2Fmedia&parent=12775"}],"wp:term":[{"taxonomy":"category","embeddable":true,"href":"https:\/\/muycritico.com.ar\/web\/index.php?rest_route=%2Fwp%2Fv2%2Fcategories&post=12775"},{"taxonomy":"post_tag","embeddable":true,"href":"https:\/\/muycritico.com.ar\/web\/index.php?rest_route=%2Fwp%2Fv2%2Ftags&post=12775"}],"curies":[{"name":"wp","href":"https:\/\/api.w.org\/{rel}","templated":true}]}}