{"id":12772,"date":"2026-01-30T14:48:23","date_gmt":"2026-01-30T17:48:23","guid":{"rendered":"https:\/\/muycritico.com.ar\/web\/?p=12772"},"modified":"2026-01-30T14:48:23","modified_gmt":"2026-01-30T17:48:23","slug":"el-renaper-anuncio-cambios-y-actualizaciones-en-el-dni-y-el-pasaporte","status":"publish","type":"post","link":"https:\/\/muycritico.com.ar\/web\/?p=12772","title":{"rendered":"EL RENAPER ANUNCI\u00d3 CAMBIOS Y ACTUALIZACIONES EN EL DNI Y EL PASAPORTE"},"content":{"rendered":"<p><strong>Lo hizo por intermedio de sendas Disposiciones publicadas en el Bolet\u00edn Oficial. Los documentos comenzar\u00e1n a emitirse con las modificaciones a partir de febrero.<\/strong><\/p>\n<p><!--more--><\/p>\n<p>El Gobierno dijo que el cambio se produce por razones de seguridad y para adaptar los documentos a est\u00e1ndares internacionales.<\/p>\n<p>Por seguridad y para adaptar los documentos a est\u00e1ndares internacionales, el Renaper aprob\u00f3 cambios y actualizaciones en los DNI electr\u00f3nico y el pasaporte, que comenzar\u00e1n a verse reflejados desde el 1\u00b0 de febrero.<\/p>\n<p>Seg\u00fan consigna Clarin, las modificaciones fueron anunciadas a trav\u00e9s de las Disposiciones 54\/2026 y 55\/2026, publicadas en el Bolet\u00edn Oficial de este viernes con la firma de Pablo Luis Santos, quien dejar\u00e1 de conducir el Renaper en aquella misma fecha, cuando ser\u00e1 reemplazado por Diego Sebasti\u00e1n P\u00e9rez Lorgueilleux.<\/p>\n<p>La \u00faltima de esas normativas fij\u00f3 las caracter\u00edsticas del nuevo DNI electr\u00f3nico, reemplazando las establecidas por la Disposici\u00f3n 1255\/2023. Se resolvi\u00f3, en espec\u00edfico, que el documento mantenga su formato de tarjeta de policarbonato con chip sin contacto, autorizado desde el Decreto 1501\/2009, pero con variantes en los datos visibles en anverso y reverso.<\/p>\n<p>Adem\u00e1s, actualiz\u00f3 aspectos vinculados a las medidas de seguridad de Nivel 1, que son las que se contemplan a simple vista, mientras que las medidas de seguridad de Nivel 2 y Nivel 3 permanecen sin alteraciones.<\/p>\n<p>En particular, el nuevo DNI electr\u00f3nico incorpora nuevos elementos gr\u00e1ficos como la escarapela que enmarca el retrato, estrellas argentinas, el Sol de Mayo, glaciares, cordillera y mapa bicontinental, adem\u00e1s de un holograma transparente renovado, impresi\u00f3n en iris, una ventana transparente y estampados t\u00e1ctiles.<\/p>\n<p>En cuanto a los datos personalizados visibles, ahora todo el contenido se grabar\u00e1 \u00edntegramente a l\u00e1ser, se agregar\u00e1 una imagen fantasma dentro de la ventana transparente y se incorporar\u00e1 una imagen l\u00e1ser cambiante (CLI) que combina la foto repetida y la letra del ejemplar, entre otras modificaciones.<\/p>\n<p>Seg\u00fan los considerandos de la Disposici\u00f3n, las modificaciones responden a la necesidad de adecuaci\u00f3n a los est\u00e1ndares internacionales establecidos por el Documento 9303 de la Organizaci\u00f3n de Aviaci\u00f3n Civil Internacional (OACI), que regula la identificaci\u00f3n internacional y los par\u00e1metros t\u00e9cnicos de documentos de viaje.<\/p>\n<p>Por su parte, la Disposici\u00f3n 54\/2026 aprob\u00f3 un nuevo dise\u00f1o del pasaporte argentino y del pasaporte excepcional para extranjeros, reemplazando las caracter\u00edsticas vigentes desde 2021.<\/p>\n<p>El flamante modelo incorporar\u00e1 una hoja de policarbonato personalizada mediante tecnolog\u00eda de grabado l\u00e1ser para la impresi\u00f3n de los datos identificatorios, tendr\u00e1 34 p\u00e1ginas y contar\u00e1 con medidas de seguridad distribuidas en tres niveles<\/p>\n<p>Seg\u00fan el texto oficial, esta actualizaci\u00f3n se implementa con el objetivo de reducir riesgos de fraude documental, adem\u00e1s de agilizar los controles de identidad y modernizar el sistema en l\u00ednea con est\u00e1ndares internacionales.<\/p>\n<p>La Disposici\u00f3n aclar\u00f3 que todos los pasaportes emitidos antes de su entrada en vigor contin\u00faan siendo v\u00e1lidos hasta su fecha de vencimiento, sin necesidad de recambio anticipado.<\/p>\n<p>En paralelo, se indic\u00f3 que el Renaper seguir\u00e1 utilizando los insumos existentes hasta agotar stock, manteniendo la validez de los pasaportes elaborados con esos materiales.<\/p>\n","protected":false},"excerpt":{"rendered":"<p>Lo hizo por intermedio de sendas Disposiciones publicadas en el Bolet\u00edn Oficial. Los documentos comenzar\u00e1n a emitirse con las modificaciones a partir de febrero.<\/p>\n","protected":false},"author":2,"featured_media":12773,"comment_status":"open","ping_status":"closed","sticky":false,"template":"","format":"standard","meta":{"footnotes":""},"categories":[6],"tags":[],"class_list":["post-12772","post","type-post","status-publish","format-standard","has-post-thumbnail","hentry","category-notas"],"_links":{"self":[{"href":"https:\/\/muycritico.com.ar\/web\/index.php?rest_route=\/wp\/v2\/posts\/12772","targetHints":{"allow":["GET"]}}],"collection":[{"href":"https:\/\/muycritico.com.ar\/web\/index.php?rest_route=\/wp\/v2\/posts"}],"about":[{"href":"https:\/\/muycritico.com.ar\/web\/index.php?rest_route=\/wp\/v2\/types\/post"}],"author":[{"embeddable":true,"href":"https:\/\/muycritico.com.ar\/web\/index.php?rest_route=\/wp\/v2\/users\/2"}],"replies":[{"embeddable":true,"href":"https:\/\/muycritico.com.ar\/web\/index.php?rest_route=%2Fwp%2Fv2%2Fcomments&post=12772"}],"version-history":[{"count":1,"href":"https:\/\/muycritico.com.ar\/web\/index.php?rest_route=\/wp\/v2\/posts\/12772\/revisions"}],"predecessor-version":[{"id":12774,"href":"https:\/\/muycritico.com.ar\/web\/index.php?rest_route=\/wp\/v2\/posts\/12772\/revisions\/12774"}],"wp:featuredmedia":[{"embeddable":true,"href":"https:\/\/muycritico.com.ar\/web\/index.php?rest_route=\/wp\/v2\/media\/12773"}],"wp:attachment":[{"href":"https:\/\/muycritico.com.ar\/web\/index.php?rest_route=%2Fwp%2Fv2%2Fmedia&parent=12772"}],"wp:term":[{"taxonomy":"category","embeddable":true,"href":"https:\/\/muycritico.com.ar\/web\/index.php?rest_route=%2Fwp%2Fv2%2Fcategories&post=12772"},{"taxonomy":"post_tag","embeddable":true,"href":"https:\/\/muycritico.com.ar\/web\/index.php?rest_route=%2Fwp%2Fv2%2Ftags&post=12772"}],"curies":[{"name":"wp","href":"https:\/\/api.w.org\/{rel}","templated":true}]}}