{"id":12766,"date":"2026-01-30T13:09:09","date_gmt":"2026-01-30T16:09:09","guid":{"rendered":"https:\/\/muycritico.com.ar\/web\/?p=12766"},"modified":"2026-01-30T13:09:09","modified_gmt":"2026-01-30T16:09:09","slug":"el-ente-realiza-gestiones-para-ampliar-la-red-electrica-en-campichuelo","status":"publish","type":"post","link":"https:\/\/muycritico.com.ar\/web\/?p=12766","title":{"rendered":"EL ENTE REALIZA GESTIONES PARA AMPLIAR LA RED EL\u00c9CTRICA EN CAMPICHUELO"},"content":{"rendered":"<p><strong>El delegado del Ente Regulador de Servicios P\u00fablicos en Or\u00e1n, Carlos Manzur, inform\u00f3 sobre el inicio de nuevas gestiones para dar respuesta a la demanda de infraestructura el\u00e9ctrica en la zona de Campichuelo. La iniciativa surge tras recibir una solicitud formal de la delegaci\u00f3n local, la cual fue presentada por los concejales Cruz y Meilan, del municipio de Embarcaci\u00f3n ante el organismo.<\/strong><\/p>\n<p><!--more--><\/p>\n<p>Manzur destac\u00f3 que el objetivo central es concretar un nuevo suministro y tendido de l\u00ednea para los vecinos de Campichuelo, quienes actualmente no cuentan con este servicio esencial. Adem\u00e1s,\u00a0 subray\u00f3 que el trabajo se realiza de manera conjunta con los representantes legislativos de la zona para agilizar los plazos administrativos y t\u00e9cnicos ante el Ente.<\/p>\n<p>Con estas acciones se busca subsanar una carencia hist\u00f3rica en el \u00e1rea, garantizando que el crecimiento poblacional sea acompa\u00f1ado por trabajos necesarios en servicios p\u00fablicos b\u00e1sicos. El compromiso del organismo es avanzar en el dise\u00f1o t\u00e9cnico del tendido para mejorar la calidad de vida de las familias residentes en el norte provincial.<\/p>\n","protected":false},"excerpt":{"rendered":"<p>El delegado del Ente Regulador de Servicios P\u00fablicos en Or\u00e1n, Carlos Manzur, inform\u00f3 sobre el inicio de nuevas gestiones para dar respuesta a la demanda de infraestructura el\u00e9ctrica en la zona de Campichuelo. La iniciativa surge tras recibir una solicitud formal de la delegaci\u00f3n local, la cual fue presentada por los concejales Cruz y Meilan, [&hellip;]<\/p>\n","protected":false},"author":2,"featured_media":12767,"comment_status":"open","ping_status":"closed","sticky":false,"template":"","format":"standard","meta":{"footnotes":""},"categories":[6],"tags":[],"class_list":["post-12766","post","type-post","status-publish","format-standard","has-post-thumbnail","hentry","category-notas"],"_links":{"self":[{"href":"https:\/\/muycritico.com.ar\/web\/index.php?rest_route=\/wp\/v2\/posts\/12766","targetHints":{"allow":["GET"]}}],"collection":[{"href":"https:\/\/muycritico.com.ar\/web\/index.php?rest_route=\/wp\/v2\/posts"}],"about":[{"href":"https:\/\/muycritico.com.ar\/web\/index.php?rest_route=\/wp\/v2\/types\/post"}],"author":[{"embeddable":true,"href":"https:\/\/muycritico.com.ar\/web\/index.php?rest_route=\/wp\/v2\/users\/2"}],"replies":[{"embeddable":true,"href":"https:\/\/muycritico.com.ar\/web\/index.php?rest_route=%2Fwp%2Fv2%2Fcomments&post=12766"}],"version-history":[{"count":1,"href":"https:\/\/muycritico.com.ar\/web\/index.php?rest_route=\/wp\/v2\/posts\/12766\/revisions"}],"predecessor-version":[{"id":12768,"href":"https:\/\/muycritico.com.ar\/web\/index.php?rest_route=\/wp\/v2\/posts\/12766\/revisions\/12768"}],"wp:featuredmedia":[{"embeddable":true,"href":"https:\/\/muycritico.com.ar\/web\/index.php?rest_route=\/wp\/v2\/media\/12767"}],"wp:attachment":[{"href":"https:\/\/muycritico.com.ar\/web\/index.php?rest_route=%2Fwp%2Fv2%2Fmedia&parent=12766"}],"wp:term":[{"taxonomy":"category","embeddable":true,"href":"https:\/\/muycritico.com.ar\/web\/index.php?rest_route=%2Fwp%2Fv2%2Fcategories&post=12766"},{"taxonomy":"post_tag","embeddable":true,"href":"https:\/\/muycritico.com.ar\/web\/index.php?rest_route=%2Fwp%2Fv2%2Ftags&post=12766"}],"curies":[{"name":"wp","href":"https:\/\/api.w.org\/{rel}","templated":true}]}}